{"id":1587,"date":"2021-04-05T16:18:29","date_gmt":"2021-04-05T16:18:29","guid":{"rendered":"https:\/\/larepublicanews.com.do\/live\/?p=1587"},"modified":"2021-04-05T16:18:29","modified_gmt":"2021-04-05T16:18:29","slug":"vicepresidenta-espera-que-las-vacunas-lleguen-este-mes-dice-hospitales-estan-preparados-para-posible-rebrote","status":"publish","type":"post","link":"https:\/\/larepublicanews.com.do\/live\/vicepresidenta-espera-que-las-vacunas-lleguen-este-mes-dice-hospitales-estan-preparados-para-posible-rebrote\/","title":{"rendered":"Vicepresidenta espera que las vacunas lleguen este mes; dice hospitales est\u00e1n preparados para posible rebrote"},"content":{"rendered":"<p>La vicepresidenta Raquel Pe\u00f1a dijo que aunque no se puede dar una fecha espec\u00edfica de cu\u00e1ndo llegar\u00e1 el pr\u00f3ximo lote de un mill\u00f3n de vacunas de la empresa china Sinovac para continuar con el proceso de vacunaci\u00f3n contra el Covid-19, se est\u00e1n haciendo todos los esfuerzos para que llegue lo antes posible.<\/p>\n<p>Dijo que se espera que sea en este mes de abril cuando puedan disponer de esas dosis y que a diario se hace todas las gestiones, tanto el presidente de la Rep\u00fablica como ella y el ministro de Salud P\u00fablica, para que lleguen y seguir con el proceso de vacunaci\u00f3n.<\/p>\n<p><strong>Indic\u00f3 que hasta el momento se ha aplicado un mill\u00f3n 75 mil dosis de vacunas y que de la segunda ya van 250 mil personas.<\/strong><\/p>\n<p>Sobre el temor de que surja un rebrote luego de Semana Santa, por las aglomeraciones, la vicepresidenta dijo que se hizo todo lo posible con campa\u00f1a de orientaci\u00f3n, que esperan que no ocurra, pero que de ocurrir un rebrote tanto los hospitales a trav\u00e9s del Servicio Nacional de Salud como de Salud P\u00fablica est\u00e1n preparados para atender cualquier eventualidad de aumento de casos o de rebrote.<\/p>\n<p>Raquel Pe\u00f1a fue entrevistada tras concluir toma de juramentaci\u00f3n del nuevo Superviniente de Salud y Riesgos Laborales (Sisalril), Jes\u00fas Feris Iglesias. La juramentaci\u00f3n fue tomada por el ministro de Trabajo, Luis Miguel De Camps y estuvieron presentes \u00a0autoridades del sistema; \u00a0el ministro de Salud, Daniel Rivera y otras personalidades.<\/p>\n<p>Mientras que en la sede de la Sisalril hab\u00edan una gran cantidad de personas a la espera del nuevo titular.<\/p>\n<p>Por: <b>Doris Pantale\u00f3n de listin diario<\/b><\/p>\n","protected":false},"excerpt":{"rendered":"<p>La vicepresidenta Raquel Pe\u00f1a dijo que aunque no se puede dar una fecha espec\u00edfica de cu\u00e1ndo llegar\u00e1 el pr\u00f3ximo lote de un mill\u00f3n de vacunas de la empresa china Sinovac para continuar con el proceso de vacunaci\u00f3n contra el Covid-19, se est\u00e1n haciendo todos los esfuerzos para que llegue lo antes posible. Dijo que se espera que sea en este mes de abril cuando puedan disponer de esas dosis y que a diario se hace todas las gestiones, tanto el presidente de la Rep\u00fablica como ella y el ministro de&hellip;<\/p>\n","protected":false},"author":2,"featured_media":1592,"comment_status":"open","ping_status":"open","sticky":false,"template":"","format":"standard","meta":{"rop_custom_images_group":[],"rop_custom_messages_group":[],"rop_publish_now":"initial","rop_publish_now_accounts":[],"rop_publish_now_history":[],"rop_publish_now_status":"pending","footnotes":""},"categories":[46,54,68],"tags":[],"class_list":["post-1587","post","type-post","status-publish","format-standard","has-post-thumbnail","hentry","category-covid-19","category-vacuna","category-vacunacion"],"_links":{"self":[{"href":"https:\/\/larepublicanews.com.do\/live\/wp-json\/wp\/v2\/posts\/1587","targetHints":{"allow":["GET"]}}],"collection":[{"href":"https:\/\/larepublicanews.com.do\/live\/wp-json\/wp\/v2\/posts"}],"about":[{"href":"https:\/\/larepublicanews.com.do\/live\/wp-json\/wp\/v2\/types\/post"}],"author":[{"embeddable":true,"href":"https:\/\/larepublicanews.com.do\/live\/wp-json\/wp\/v2\/users\/2"}],"replies":[{"embeddable":true,"href":"https:\/\/larepublicanews.com.do\/live\/wp-json\/wp\/v2\/comments?post=1587"}],"version-history":[{"count":1,"href":"https:\/\/larepublicanews.com.do\/live\/wp-json\/wp\/v2\/posts\/1587\/revisions"}],"predecessor-version":[{"id":1593,"href":"https:\/\/larepublicanews.com.do\/live\/wp-json\/wp\/v2\/posts\/1587\/revisions\/1593"}],"wp:featuredmedia":[{"embeddable":true,"href":"https:\/\/larepublicanews.com.do\/live\/wp-json\/wp\/v2\/media\/1592"}],"wp:attachment":[{"href":"https:\/\/larepublicanews.com.do\/live\/wp-json\/wp\/v2\/media?parent=1587"}],"wp:term":[{"taxonomy":"category","embeddable":true,"href":"https:\/\/larepublicanews.com.do\/live\/wp-json\/wp\/v2\/categories?post=1587"},{"taxonomy":"post_tag","embeddable":true,"href":"https:\/\/larepublicanews.com.do\/live\/wp-json\/wp\/v2\/tags?post=1587"}],"curies":[{"name":"wp","href":"https:\/\/api.w.org\/{rel}","templated":true}]}}