{"id":1569,"date":"2021-03-30T12:24:00","date_gmt":"2021-03-30T12:24:00","guid":{"rendered":"https:\/\/larepublicanews.com.do\/live\/?p=1569"},"modified":"2021-03-30T12:24:00","modified_gmt":"2021-03-30T12:24:00","slug":"jesus-vasquez-dice-sociedad-es-vital-en-seguridad-ciudadana","status":"publish","type":"post","link":"https:\/\/larepublicanews.com.do\/live\/jesus-vasquez-dice-sociedad-es-vital-en-seguridad-ciudadana\/","title":{"rendered":"Jes\u00fas V\u00e1squez dice sociedad es vital en seguridad ciudadana"},"content":{"rendered":"<p><strong>Visit\u00f3 el Senado para analizar ley org\u00e1nica del MIP<\/strong><\/p>\n<p>La seguridad ciudadana es un tema en el que toda la sociedad debe participar haciendo su mejor esfuerzo, dijo ayer el ministro de Interior y Polic\u00eda (MIP), Jes\u00fas V\u00e1squez.<\/p>\n<p>Tras su salida del Senado de la Rep\u00fablica, donde sostuvo un encuentro con su presidente Eduardo Estrella, V\u00e1squez dijo que se comienzan a implementar medidas en seis municipios, que prontamente se dar\u00e1n a conocer, aunque reconoci\u00f3 que a\u00fan no tienen herramientas para dar respuesta inmediata.<\/p>\n<p>\u201cEstamos compelidos a dar respuesta al tema de la seguridad, pero nosotros todav\u00eda no tenemos la herramienta para dar respuesta inmediata; estamos haciendo contactos con diferentes empresas y hemos visto varias plataformas para el tema de interconexi\u00f3n de la Polic\u00eda\u201d, destac\u00f3.<\/p>\n<p>El funcionario revel\u00f3 que aspira a que si a un ciudadano le roban un carro, el afectado pueda desde su tel\u00e9fono m\u00f3vil comunicarse con la Polic\u00eda y que ellos den la alerta, a fin de que en el menor tiempo posible quien hizo el delito pueda ser detenido y el veh\u00edculo recuperado.<\/p>\n<p>\u201cNecesitamos que la Polic\u00eda tenga interconexi\u00f3n en todo el pa\u00eds, para ver a qu\u00e9 hora ocurren los delitos, cual es el tipo de delito que ocurre en un determinado territorio para que la Polic\u00eda pueda tomar medidas preventivas\u201d, indic\u00f3 V\u00e1squez.<\/p>\n<p>Se\u00f1al\u00f3 que en el pa\u00eds se dan los pasos tendentes a que los ciudadanos disfruten de una mayor seguridad ciudadana, pero cree que esto no suceder\u00e1 de un d\u00eda para otro. \u201cEso toma un proceso y es parte de un trabajo colectivo que tenemos que ir haciendo\u201d.<\/p>\n<p>Advirti\u00f3 que en la medida que el pa\u00eds vaya abriendo sus puertas, tras el encierro por la pandemia, habr\u00e1 un mayor nivel de actos delincuenciales, por lo que se trabajar\u00e1 para evitarlos.<\/p>\n<p><strong>Su visita al Senado.<\/strong>\u00a0El ministro explic\u00f3 que socializar la ley org\u00e1nica del MIP fue el motivo, a fin de ampliar lo que es el radio de acci\u00f3n de esta instituci\u00f3n.<\/p>\n<p>Indic\u00f3 que los estatutos internos el MIP datan de la dictadura de Trujillo, por lo que parte de las funciones que tiene la instituci\u00f3n son de \u2018caliesaje\u2019. \u201cQueremos darle funciones espec\u00edficas\u201d, dijo.<\/p>\n<p>Por: Troi Orlando Espejo de Hoy<\/p>\n","protected":false},"excerpt":{"rendered":"<p>Visit\u00f3 el Senado para analizar ley org\u00e1nica del MIP La seguridad ciudadana es un tema en el que toda la sociedad debe participar haciendo su mejor esfuerzo, dijo ayer el ministro de Interior y Polic\u00eda (MIP), Jes\u00fas V\u00e1squez. Tras su salida del Senado de la Rep\u00fablica, donde sostuvo un encuentro con su presidente Eduardo Estrella, V\u00e1squez dijo que se comienzan a implementar medidas en seis municipios, que prontamente se dar\u00e1n a conocer, aunque reconoci\u00f3 que a\u00fan no tienen herramientas para dar respuesta inmediata. \u201cEstamos compelidos a dar respuesta al tema&hellip;<\/p>\n","protected":false},"author":2,"featured_media":1577,"comment_status":"open","ping_status":"open","sticky":false,"template":"","format":"standard","meta":{"rop_custom_images_group":[],"rop_custom_messages_group":[],"rop_publish_now":"initial","rop_publish_now_accounts":[],"rop_publish_now_history":[],"rop_publish_now_status":"pending","footnotes":""},"categories":[24],"tags":[],"class_list":["post-1569","post","type-post","status-publish","format-standard","has-post-thumbnail","hentry","category-politica"],"_links":{"self":[{"href":"https:\/\/larepublicanews.com.do\/live\/wp-json\/wp\/v2\/posts\/1569","targetHints":{"allow":["GET"]}}],"collection":[{"href":"https:\/\/larepublicanews.com.do\/live\/wp-json\/wp\/v2\/posts"}],"about":[{"href":"https:\/\/larepublicanews.com.do\/live\/wp-json\/wp\/v2\/types\/post"}],"author":[{"embeddable":true,"href":"https:\/\/larepublicanews.com.do\/live\/wp-json\/wp\/v2\/users\/2"}],"replies":[{"embeddable":true,"href":"https:\/\/larepublicanews.com.do\/live\/wp-json\/wp\/v2\/comments?post=1569"}],"version-history":[{"count":1,"href":"https:\/\/larepublicanews.com.do\/live\/wp-json\/wp\/v2\/posts\/1569\/revisions"}],"predecessor-version":[{"id":1578,"href":"https:\/\/larepublicanews.com.do\/live\/wp-json\/wp\/v2\/posts\/1569\/revisions\/1578"}],"wp:featuredmedia":[{"embeddable":true,"href":"https:\/\/larepublicanews.com.do\/live\/wp-json\/wp\/v2\/media\/1577"}],"wp:attachment":[{"href":"https:\/\/larepublicanews.com.do\/live\/wp-json\/wp\/v2\/media?parent=1569"}],"wp:term":[{"taxonomy":"category","embeddable":true,"href":"https:\/\/larepublicanews.com.do\/live\/wp-json\/wp\/v2\/categories?post=1569"},{"taxonomy":"post_tag","embeddable":true,"href":"https:\/\/larepublicanews.com.do\/live\/wp-json\/wp\/v2\/tags?post=1569"}],"curies":[{"name":"wp","href":"https:\/\/api.w.org\/{rel}","templated":true}]}}