{"id":1568,"date":"2021-03-30T12:21:22","date_gmt":"2021-03-30T12:21:22","guid":{"rendered":"https:\/\/larepublicanews.com.do\/live\/?p=1568"},"modified":"2021-03-30T12:21:22","modified_gmt":"2021-03-30T12:21:22","slug":"otra-joya-de-lanzador-deivi-garcia-es-un-diamante-de-los-yanquis","status":"publish","type":"post","link":"https:\/\/larepublicanews.com.do\/live\/otra-joya-de-lanzador-deivi-garcia-es-un-diamante-de-los-yanquis\/","title":{"rendered":"\u00a1Otra joya de lanzador! Deivi Garc\u00eda es un diamante de los Yanquis"},"content":{"rendered":"<p><strong>Terrible noticia para el dominicano Jos\u00e9 Leclerc<\/strong><\/p>\n<p>El relevista derecho Jos\u00e9 Leclerc se someter\u00e1 a una cirug\u00eda Tommy John, anunci\u00f3 el gerente general de los Rangers, Chris Young, el lunes.<\/p>\n<p>Leclerc empez\u00f3 a sentir dolores y malestar el 22 de marzo, cuatro d\u00edas despu\u00e9s de su m\u00e1s reciente salida en la Liga del Cactus.<\/p>\n<p>El dominicano visit\u00f3 al doctor Keith Meister en el \u00e1rea de Dallas-Fort Worth al d\u00eda siguiente.<br \/>\n\u201cDecidi\u00f3 que es la mejor opci\u00f3n para \u00e9l\u201d, dijo Young sobre Leclerc. \u201cNosotros apoyamos esa decisi\u00f3n y estamos decepcionados de perder a Jos\u00e9.<\/p>\n<p>Es una p\u00e9rdida para nuestro equipo. Pero esperamos ver a Jos\u00e9 en salud y despu\u00e9s, con suerte, de regreso en alg\u00fan momento de la pr\u00f3xima campa\u00f1a\u201d.<\/p>\n<p>El plan de los Rangers era utilizar a Leclerc como una opci\u00f3n de relevo en situaciones de apremio al final de los partidos. De 27 a\u00f1os de edad, el diestro acumul\u00f3 26 juegos salvados del 2018 al 2019 y tuvo un a\u00f1o revelaci\u00f3n en el 2018, cuando registr\u00f3 efectividad de 1.56 en 57.2 entradas.<\/p>\n<p>Leclerc hizo apenas dos presentaciones el a\u00f1o pasado, debido a un desgarre en un m\u00fasculo del hombro derecho.<\/p>\n<p>Lamentablemente Leclerc no podr\u00e1 lanzar hasta mediados del 2022, lo que representa una tragedia para \u00e9l.<\/p>\n<p>Los Yanquis anunciaron al lunes que el derecho dominicano Deivi Garc\u00eda es el ganador del Premio James P. Dawson para el 2021.<\/p>\n<p>Deivi, enviado a Triple-A por Nueva York, pero su talento es apreciado.<br \/>\nDicho galard\u00f3n se le otorga al novato m\u00e1s destacado de la pretemporada del equipo de Nueva York.<\/p>\n<p>En cinco aperturas en la Liga de la Toronja este a\u00f1o, Garc\u00eda lleva efectividad de 3.86 al permitir seis carreras limpias en 14.0 entradas, con 14 ponches.<\/p>\n<p>De 21 a\u00f1os de edad, el oriundo de Bonao es el prospecto n\u00famero 3 de los Yanquis en la lista de MLB Pipeline.<\/p>\n<p>Otros ganadores del Premio James P. Dawson, quien fuera escritor de The New York Times, incluyen al dominicano Jos\u00e9 Rijo (1984), al puertorrique\u00f1o Jorge Posada (1997), al quisqueyano Alfonso Soriano (2001), al venezolano Gleyber Torres (2017) y al dominicano Miguel And\u00fajar (2018).<\/p>\n<p>Los elogios son muchos para Deivi Garc\u00eda.<\/p>\n<p>Por: Hoy<\/p>\n","protected":false},"excerpt":{"rendered":"<p>Terrible noticia para el dominicano Jos\u00e9 Leclerc El relevista derecho Jos\u00e9 Leclerc se someter\u00e1 a una cirug\u00eda Tommy John, anunci\u00f3 el gerente general de los Rangers, Chris Young, el lunes. Leclerc empez\u00f3 a sentir dolores y malestar el 22 de marzo, cuatro d\u00edas despu\u00e9s de su m\u00e1s reciente salida en la Liga del Cactus. El dominicano visit\u00f3 al doctor Keith Meister en el \u00e1rea de Dallas-Fort Worth al d\u00eda siguiente. \u201cDecidi\u00f3 que es la mejor opci\u00f3n para \u00e9l\u201d, dijo Young sobre Leclerc. \u201cNosotros apoyamos esa decisi\u00f3n y estamos decepcionados de&hellip;<\/p>\n","protected":false},"author":2,"featured_media":1575,"comment_status":"open","ping_status":"open","sticky":false,"template":"","format":"standard","meta":{"rop_custom_images_group":[],"rop_custom_messages_group":[],"rop_publish_now":"initial","rop_publish_now_accounts":[],"rop_publish_now_history":[],"rop_publish_now_status":"pending","footnotes":""},"categories":[6],"tags":[],"class_list":["post-1568","post","type-post","status-publish","format-standard","has-post-thumbnail","hentry","category-sports"],"_links":{"self":[{"href":"https:\/\/larepublicanews.com.do\/live\/wp-json\/wp\/v2\/posts\/1568","targetHints":{"allow":["GET"]}}],"collection":[{"href":"https:\/\/larepublicanews.com.do\/live\/wp-json\/wp\/v2\/posts"}],"about":[{"href":"https:\/\/larepublicanews.com.do\/live\/wp-json\/wp\/v2\/types\/post"}],"author":[{"embeddable":true,"href":"https:\/\/larepublicanews.com.do\/live\/wp-json\/wp\/v2\/users\/2"}],"replies":[{"embeddable":true,"href":"https:\/\/larepublicanews.com.do\/live\/wp-json\/wp\/v2\/comments?post=1568"}],"version-history":[{"count":1,"href":"https:\/\/larepublicanews.com.do\/live\/wp-json\/wp\/v2\/posts\/1568\/revisions"}],"predecessor-version":[{"id":1576,"href":"https:\/\/larepublicanews.com.do\/live\/wp-json\/wp\/v2\/posts\/1568\/revisions\/1576"}],"wp:featuredmedia":[{"embeddable":true,"href":"https:\/\/larepublicanews.com.do\/live\/wp-json\/wp\/v2\/media\/1575"}],"wp:attachment":[{"href":"https:\/\/larepublicanews.com.do\/live\/wp-json\/wp\/v2\/media?parent=1568"}],"wp:term":[{"taxonomy":"category","embeddable":true,"href":"https:\/\/larepublicanews.com.do\/live\/wp-json\/wp\/v2\/categories?post=1568"},{"taxonomy":"post_tag","embeddable":true,"href":"https:\/\/larepublicanews.com.do\/live\/wp-json\/wp\/v2\/tags?post=1568"}],"curies":[{"name":"wp","href":"https:\/\/api.w.org\/{rel}","templated":true}]}}