{"id":1567,"date":"2021-03-30T12:16:00","date_gmt":"2021-03-30T12:16:00","guid":{"rendered":"https:\/\/larepublicanews.com.do\/live\/?p=1567"},"modified":"2021-03-30T12:16:00","modified_gmt":"2021-03-30T12:16:00","slug":"aniversario-177-de-la-batalla-30-de-marzo","status":"publish","type":"post","link":"https:\/\/larepublicanews.com.do\/live\/aniversario-177-de-la-batalla-30-de-marzo\/","title":{"rendered":"Aniversario 177 de la Batalla 30 de Marzo"},"content":{"rendered":"<p><strong>En esa ocasi\u00f3n, los dominicanos demostraron nueva vez su deseo de independencia<\/strong><\/p>\n<p>Arriba hoy a la conmemoraci\u00f3n de su 177 aniversario, la Batalla del 30 de Marzo, encabezada por los generales\u00a0<strong>Jos\u00e9 Mar\u00eda Imbert y Fernando Valerio,<\/strong>\u00a0donde el ej\u00e9rcito independentista de reciente formaci\u00f3n, venci\u00f3 nuevamente al ej\u00e9rcito haitiano, el cual hab\u00eda invadido la Rep\u00fablica tras su derrota en la Batalla del 19 de Marzo, en Azua.<\/p>\n<p>De acuerdo a reportes hist\u00f3ricos de la fecha, el 30 de marzo de 1844, los haitianos atacaron y fueron embestidos por el general Imbert y el comandante Achilles Michel, frente a la sabana de Santiago<\/p>\n<p>El 27 de marzo de ese mismo a\u00f1o, el general y comandante de operaciones en Santiago, Jos\u00e9 Mar\u00eda Imbert, fue llamado por la Junta de Gobierno dominicano con el prop\u00f3sito de que organizara el contraataque a los haitianos.<\/p>\n<p>Imbert atrincher\u00f3 la ciudad, construy\u00f3 fosos y tom\u00f3 precauciones importantes para ganar una batalla junto al comandante Achilles Michel quien dirigi\u00f3 junto a otros compatriotas a los que adiestr\u00f3 en el dominio de las armas, la batalla del 30 de marzo de 1844, en Santiago; construy\u00f3 los fuertes \u201cDios\u201d, \u201cPatria\u201d y \u201cLibertad\u201d en los que fueron vencidos los haitianos.<\/p>\n<figure class=\"wp-block-embed is-type-video is-provider-youtube wp-block-embed-youtube wp-embed-aspect-16-9 wp-has-aspect-ratio\">\n<div class=\"wp-block-embed__wrapper\"><iframe loading=\"lazy\" id=\"widget2\" title=\"Batalla del 30 de marzo en 6 minutos\" src=\"https:\/\/www.youtube.com\/embed\/MLEYx4n0i8s?feature=oembed\" width=\"100%\" height=\"392\" frameborder=\"0\" allowfullscreen=\"allowfullscreen\" data-mce-fragment=\"1\"><\/iframe><\/div>\n<\/figure>\n<p>Se hizo acompa\u00f1ar de los oficiales Pedro Eugenio Pelletier, \u00c1ngel Reyes, Ram\u00f3n Franco Bid\u00f3, Gaspar Polanco Borb\u00f3n, Jos\u00e9 Nicol\u00e1s G\u00f3mez, Fernando Valerio, Jos\u00e9 M. L\u00f3pez, Lorenzo Mieses, Dionisio Mieses, Toribio Ram\u00edrez, Marcos Trinidad L\u00f3pez, entre otros.<\/p>\n<p>La derrota de los adversarios haitianos fue recibida con alegr\u00eda, luego de que las huestes criollas, comandadas por el general Jos\u00e9 Mar\u00eda Imbert, resistieran cinco ataques, por dos flancos, en los que los invasores tuvieron unas 600 bajas y una mayor cantidad de heridos.<\/p>\n<p>Se cuenta que el general Imbert, emple\u00f3 el ardid de comunicarle al general haitiano que el presidente de Hait\u00ed, general Herard Ain\u00e9, hab\u00eda muerto el 19 en Azua, y que no val\u00eda la pena seguir sacrificando vidas humanas con el presidente muerto. Pierrot consider\u00f3 que deb\u00eda partir de inmediato a su pa\u00eds para hacerse cargo del poder. La mentira funcion\u00f3.<\/p>\n<p>El triunfo de las armas dominicanas no fue la labor de un hombre, ni siquiera de un solo comandante; m\u00e1s bien result\u00f3 un esfuerzo colectivo, entre los que se destacan Mat\u00edas Ram\u00f3n Mella, Jos\u00e9 Mar\u00eda Imbert \u2013nombrado el 27 de marzo como comandante supremo de las tropas de Santiago- Jos\u00e9 Mar\u00eda L\u00f3pez, Francisco Antonio Salcedo (Tito) y Fernando Valerio.<\/p>\n<figure class=\"wp-block-embed is-type-wp-embed is-provider-hoy-digital wp-block-embed-hoy-digital\">\n<div class=\"wp-block-embed__wrapper\"><iframe loading=\"lazy\" class=\"wp-embedded-content\" title=\"\u00abBatalla 30 de Marzo: \u00bfQui\u00e9n fue Jos\u00e9 Mar\u00eda Imbert?\u00bb \u2014 Hoy Digital\" src=\"https:\/\/hoy.com.do\/batalla-30-de-marzo-quien-fue-jose-maria-imbert\/embed\/#?secret=fLOFImpup5\" width=\"600\" height=\"305\" frameborder=\"0\" marginwidth=\"0\" marginheight=\"0\" scrolling=\"no\" sandbox=\"allow-scripts\" data-secret=\"fLOFImpup5\" data-mce-fragment=\"1\"><\/iframe><\/div>\n<\/figure>\n<p><strong>Detalles.<\/strong>\u00a0El presidente de Hait\u00ed, general Charles Riviere Herrad Ain\u00e9, sali\u00f3 de Puerto Pr\u00edncipe el 10 de marzo con una fuerza militar de 30,000 hombres que dividi\u00f3 en tres flancos para penetrar a la naci\u00f3n reci\u00e9n proclamada como independiente del yugo haitiano: el primero estaba al mando del general Jean Louis Pierrot con 10,000 hombres que entrar\u00edan por el norte, por Dajab\u00f3n, para tomar Santiago y Puerto Plata.<\/p>\n<p>El segundo dirigido por el propio Herrad, pretend\u00eda tomar San Juan de la Maguana y Azua, y el tercero dirigido por el general Souffront deb\u00eda entrar por Neyba.<br \/>\nLa batalla comenz\u00f3 luego del mediod\u00eda y se extendi\u00f3 hasta despu\u00e9s de las 5:00 de la tarde\u2026\u201d.<\/p>\n<p><strong>ZOOM<\/strong><\/p>\n<p>Datos generales<br \/>\nEn esta batalla, el general Jos\u00e9 Mar\u00eda Imbert, al mando de una parte del ej\u00e9rcito del norte, derrot\u00f3 al general Jean-Louis Pierrot, quien comandaba las tropas del ej\u00e9rcito haitiano en una relaci\u00f3n num\u00e9rica superior a su favor.<br \/>\nEscenario<br \/>\nSantiago fue el escenario donde se llev\u00f3 a cabo el segundo enfrentamiento entre dominicanos y haitianos luego de ser proclamada la Independencia Nacional.<\/p>\n<p>Por: Hoy<\/p>\n","protected":false},"excerpt":{"rendered":"<p>En esa ocasi\u00f3n, los dominicanos demostraron nueva vez su deseo de independencia Arriba hoy a la conmemoraci\u00f3n de su 177 aniversario, la Batalla del 30 de Marzo, encabezada por los generales\u00a0Jos\u00e9 Mar\u00eda Imbert y Fernando Valerio,\u00a0donde el ej\u00e9rcito independentista de reciente formaci\u00f3n, venci\u00f3 nuevamente al ej\u00e9rcito haitiano, el cual hab\u00eda invadido la Rep\u00fablica tras su derrota en la Batalla del 19 de Marzo, en Azua. De acuerdo a reportes hist\u00f3ricos de la fecha, el 30 de marzo de 1844, los haitianos atacaron y fueron embestidos por el general Imbert y&hellip;<\/p>\n","protected":false},"author":2,"featured_media":1571,"comment_status":"open","ping_status":"open","sticky":false,"template":"","format":"standard","meta":{"rop_custom_images_group":[],"rop_custom_messages_group":[],"rop_publish_now":"initial","rop_publish_now_accounts":[],"rop_publish_now_history":[],"rop_publish_now_status":"pending","footnotes":""},"categories":[16],"tags":[],"class_list":["post-1567","post","type-post","status-publish","format-standard","has-post-thumbnail","hentry","category-historia"],"_links":{"self":[{"href":"https:\/\/larepublicanews.com.do\/live\/wp-json\/wp\/v2\/posts\/1567","targetHints":{"allow":["GET"]}}],"collection":[{"href":"https:\/\/larepublicanews.com.do\/live\/wp-json\/wp\/v2\/posts"}],"about":[{"href":"https:\/\/larepublicanews.com.do\/live\/wp-json\/wp\/v2\/types\/post"}],"author":[{"embeddable":true,"href":"https:\/\/larepublicanews.com.do\/live\/wp-json\/wp\/v2\/users\/2"}],"replies":[{"embeddable":true,"href":"https:\/\/larepublicanews.com.do\/live\/wp-json\/wp\/v2\/comments?post=1567"}],"version-history":[{"count":1,"href":"https:\/\/larepublicanews.com.do\/live\/wp-json\/wp\/v2\/posts\/1567\/revisions"}],"predecessor-version":[{"id":1572,"href":"https:\/\/larepublicanews.com.do\/live\/wp-json\/wp\/v2\/posts\/1567\/revisions\/1572"}],"wp:featuredmedia":[{"embeddable":true,"href":"https:\/\/larepublicanews.com.do\/live\/wp-json\/wp\/v2\/media\/1571"}],"wp:attachment":[{"href":"https:\/\/larepublicanews.com.do\/live\/wp-json\/wp\/v2\/media?parent=1567"}],"wp:term":[{"taxonomy":"category","embeddable":true,"href":"https:\/\/larepublicanews.com.do\/live\/wp-json\/wp\/v2\/categories?post=1567"},{"taxonomy":"post_tag","embeddable":true,"href":"https:\/\/larepublicanews.com.do\/live\/wp-json\/wp\/v2\/tags?post=1567"}],"curies":[{"name":"wp","href":"https:\/\/api.w.org\/{rel}","templated":true}]}}