{"id":1566,"date":"2021-03-30T12:18:48","date_gmt":"2021-03-30T12:18:48","guid":{"rendered":"https:\/\/larepublicanews.com.do\/live\/?p=1566"},"modified":"2021-03-30T12:18:48","modified_gmt":"2021-03-30T12:18:48","slug":"entidades-restauran-costas-de-montecristi-y-samana-150-mil-mts","status":"publish","type":"post","link":"https:\/\/larepublicanews.com.do\/live\/entidades-restauran-costas-de-montecristi-y-samana-150-mil-mts\/","title":{"rendered":"Entidades restauran costas de Montecristi y Saman\u00e1, 150 mil mts"},"content":{"rendered":"<p><strong>El proyecto tard\u00f3 cinco a\u00f1os y cont\u00f3 con apoyo internacional e incluy\u00f3 zonas de parques<\/strong><\/p>\n<p>La restauraci\u00f3n de 150 mil metros cuadrados de playa; la renovaci\u00f3n de ocho infraestructuras tur\u00edsticas de las provincias Saman\u00e1 y Montecristi, as\u00ed como la capacitaci\u00f3n de comerciantes en manejo sostenible son parte de las transformaciones generadas en el turismo y la biodiversidad a trav\u00e9s del proyecto de Biodiversidad Costera y Turismo.<\/p>\n<p>La iniciativa fue lograda tras cinco a\u00f1os de trabajo bajo la coordinaci\u00f3n de los Ministerio de Medio Ambiente y de Turismo, y el Programa de las Naciones Unidas para el Desarrollo (PNUD), con el financiamiento del Global Environmental Facility (GEF) y apoyo de 20 organizaciones.<\/p>\n<p>Adem\u00e1s de la restauraci\u00f3n de costas, se logr\u00f3 vincular a m\u00e1s de 70 comercios en acciones para reducir y\/o eliminar pl\u00e1sticos de un solo uso en sus comercios, a trav\u00e9s de la iniciativa \u201cMejor Sin Calimete\u201d; y concienciar a m\u00e1s de 7,800 personas sobre la protecci\u00f3n de los recursos naturales. Adem\u00e1s, facilitar el uso de tecnolog\u00edas para monitorizar la erosi\u00f3n de las playas, especies marinas, ecosistemas costeros, entre otros.<\/p>\n<p>Mientras que las infraestructuras renovadas est\u00e1n en los parques nacionales El Morro, Submarino de Montecristi, Manglares de Estero Balsa y el Monumento Natural Cabo Saman\u00e1.<\/p>\n<p>Tambi\u00e9n se restauraron 52 embarcaciones con colores alusivas al pez loro, concienciando a los pescadores de Manzanillo, y logrando que migraran de su trabajo original a preservar los recursos naturales y fomentar las excursiones acu\u00e1ticas.<\/p>\n<p>En las Terreras se levant\u00f3 un museo que resalta la poes\u00eda dominicana, constituyendo un atractivo innovador, y un museo submarino para la restauraci\u00f3n de corales.<\/p>\n<p>Tambi\u00e9n se emple\u00f3 el uso de drones para el monitoreo de cambios geomorfol\u00f3gicos en playas y el primer monitoreo del Manat\u00ed Antillano en Las Terrenas; adem\u00e1s se establecieron protocolos para vigilancia de cinco especies y recursos.<\/p>\n<p>Estos datos fueron ofrecidos en un evento en el cual, Inka Mattila, representante residente del PNUD, resalt\u00f3 que la oferta tur\u00edstica que promueve el pa\u00eds est\u00e1 sustentada en los recursos naturales, y sus bellezas reflejadas en playas, manglares, la flora y la fauna \u00fanicas son la \u201cmateria prima\u201d y constituyen el capital natural que es imprescindible para sostener el destino que el pa\u00eds ofrece.<\/p>\n<p>Por: Hoy<\/p>\n","protected":false},"excerpt":{"rendered":"<p>El proyecto tard\u00f3 cinco a\u00f1os y cont\u00f3 con apoyo internacional e incluy\u00f3 zonas de parques La restauraci\u00f3n de 150 mil metros cuadrados de playa; la renovaci\u00f3n de ocho infraestructuras tur\u00edsticas de las provincias Saman\u00e1 y Montecristi, as\u00ed como la capacitaci\u00f3n de comerciantes en manejo sostenible son parte de las transformaciones generadas en el turismo y la biodiversidad a trav\u00e9s del proyecto de Biodiversidad Costera y Turismo. La iniciativa fue lograda tras cinco a\u00f1os de trabajo bajo la coordinaci\u00f3n de los Ministerio de Medio Ambiente y de Turismo, y el Programa&hellip;<\/p>\n","protected":false},"author":2,"featured_media":1573,"comment_status":"open","ping_status":"open","sticky":false,"template":"","format":"standard","meta":{"rop_custom_images_group":[],"rop_custom_messages_group":[],"rop_publish_now":"initial","rop_publish_now_accounts":[],"rop_publish_now_history":[],"rop_publish_now_status":"pending","footnotes":""},"categories":[53],"tags":[],"class_list":["post-1566","post","type-post","status-publish","format-standard","has-post-thumbnail","hentry","category-turismo"],"_links":{"self":[{"href":"https:\/\/larepublicanews.com.do\/live\/wp-json\/wp\/v2\/posts\/1566","targetHints":{"allow":["GET"]}}],"collection":[{"href":"https:\/\/larepublicanews.com.do\/live\/wp-json\/wp\/v2\/posts"}],"about":[{"href":"https:\/\/larepublicanews.com.do\/live\/wp-json\/wp\/v2\/types\/post"}],"author":[{"embeddable":true,"href":"https:\/\/larepublicanews.com.do\/live\/wp-json\/wp\/v2\/users\/2"}],"replies":[{"embeddable":true,"href":"https:\/\/larepublicanews.com.do\/live\/wp-json\/wp\/v2\/comments?post=1566"}],"version-history":[{"count":1,"href":"https:\/\/larepublicanews.com.do\/live\/wp-json\/wp\/v2\/posts\/1566\/revisions"}],"predecessor-version":[{"id":1574,"href":"https:\/\/larepublicanews.com.do\/live\/wp-json\/wp\/v2\/posts\/1566\/revisions\/1574"}],"wp:featuredmedia":[{"embeddable":true,"href":"https:\/\/larepublicanews.com.do\/live\/wp-json\/wp\/v2\/media\/1573"}],"wp:attachment":[{"href":"https:\/\/larepublicanews.com.do\/live\/wp-json\/wp\/v2\/media?parent=1566"}],"wp:term":[{"taxonomy":"category","embeddable":true,"href":"https:\/\/larepublicanews.com.do\/live\/wp-json\/wp\/v2\/categories?post=1566"},{"taxonomy":"post_tag","embeddable":true,"href":"https:\/\/larepublicanews.com.do\/live\/wp-json\/wp\/v2\/tags?post=1566"}],"curies":[{"name":"wp","href":"https:\/\/api.w.org\/{rel}","templated":true}]}}