{"id":1556,"date":"2021-03-24T11:26:38","date_gmt":"2021-03-24T11:26:38","guid":{"rendered":"https:\/\/larepublicanews.com.do\/live\/?p=1556"},"modified":"2021-03-24T11:26:38","modified_gmt":"2021-03-24T11:26:38","slug":"se-oponen-a-traspaso-de-terrenos","status":"publish","type":"post","link":"https:\/\/larepublicanews.com.do\/live\/se-oponen-a-traspaso-de-terrenos\/","title":{"rendered":"Se oponen a traspaso de terrenos"},"content":{"rendered":"<p>El senador por la provincia de Pedernales, Dionis S\u00e1nchez, y el diputado por la provincia de Barahona, Mois\u00e9s Ayala, se mostraron en contra de que terrenos del Proyecto Agrario del Valle de Juancho (PRODEVAL), y zonas aleda\u00f1as, sean arrendados al Consorcio Azucarero Central (CAC), para ser dedicados al cultivo de ca\u00f1a de az\u00facar.<\/p>\n<p>Los legisladores, quienes fueron respaldados por alcaldes y l\u00edderes comunitarios de ambas provincias expresaron en un comunicado enviado al presidente Luis Abinader, que se mantienen confiados en la promesa del desarrollo tur\u00edstico para la empobrecida zona.<br \/>\nS\u00e1nchez dijo que la oposici\u00f3n del pueblo es total contra el arrendamiento de los terrenos, que adem\u00e1s es una estafa, hacerlo por por 25 mil o 30 mil pesos al a\u00f1o.<\/p>\n<p>\u201cQueremos apoyo t\u00e9cnico del gobierno para que nuestros agricultores sigan sembrando la tierra\u201d, indic\u00f3 el vocero de la Fuerza del Pueblo en el Senado.<\/p>\n<p>Mientras que el diputado Ayala destac\u00f3 que la quema de ca\u00f1a causa da\u00f1o a la salud por la humareda que provoca, a parte de que los centros azucareros dejan empleos de miseria al pueblo y se fomentan los bateyes de nacionales haitianos.<\/p>\n<p>\u201cEstamos en contra de la siembra de ca\u00f1a en todas nuestras costas porque la siembra de ca\u00f1a nos deja m\u00e1s pobreza y contaminaci\u00f3n\u201d, expres\u00f3 el diputado.<\/p>\n<p>Aprovech\u00f3 la ocasi\u00f3n para llamar a quienes dirigen en Consorcio Central de Barahona para que coloquen filtros en la chimenea, pues inunda todo el municipio de Barahona y su Distrito Municipal de Villa Central de la llamada \u201cCachipa\u201d.<\/p>\n<p>Por: Troi Orlando Espejo de Hoy.<\/p>\n","protected":false},"excerpt":{"rendered":"<p>El senador por la provincia de Pedernales, Dionis S\u00e1nchez, y el diputado por la provincia de Barahona, Mois\u00e9s Ayala, se mostraron en contra de que terrenos del Proyecto Agrario del Valle de Juancho (PRODEVAL), y zonas aleda\u00f1as, sean arrendados al Consorcio Azucarero Central (CAC), para ser dedicados al cultivo de ca\u00f1a de az\u00facar. Los legisladores, quienes fueron respaldados por alcaldes y l\u00edderes comunitarios de ambas provincias expresaron en un comunicado enviado al presidente Luis Abinader, que se mantienen confiados en la promesa del desarrollo tur\u00edstico para la empobrecida zona. S\u00e1nchez&hellip;<\/p>\n","protected":false},"author":2,"featured_media":1564,"comment_status":"open","ping_status":"open","sticky":false,"template":"","format":"standard","meta":{"rop_custom_images_group":[],"rop_custom_messages_group":[],"rop_publish_now":"initial","rop_publish_now_accounts":[],"rop_publish_now_history":[],"rop_publish_now_status":"pending","footnotes":""},"categories":[24],"tags":[],"class_list":["post-1556","post","type-post","status-publish","format-standard","has-post-thumbnail","hentry","category-politica"],"_links":{"self":[{"href":"https:\/\/larepublicanews.com.do\/live\/wp-json\/wp\/v2\/posts\/1556","targetHints":{"allow":["GET"]}}],"collection":[{"href":"https:\/\/larepublicanews.com.do\/live\/wp-json\/wp\/v2\/posts"}],"about":[{"href":"https:\/\/larepublicanews.com.do\/live\/wp-json\/wp\/v2\/types\/post"}],"author":[{"embeddable":true,"href":"https:\/\/larepublicanews.com.do\/live\/wp-json\/wp\/v2\/users\/2"}],"replies":[{"embeddable":true,"href":"https:\/\/larepublicanews.com.do\/live\/wp-json\/wp\/v2\/comments?post=1556"}],"version-history":[{"count":1,"href":"https:\/\/larepublicanews.com.do\/live\/wp-json\/wp\/v2\/posts\/1556\/revisions"}],"predecessor-version":[{"id":1565,"href":"https:\/\/larepublicanews.com.do\/live\/wp-json\/wp\/v2\/posts\/1556\/revisions\/1565"}],"wp:featuredmedia":[{"embeddable":true,"href":"https:\/\/larepublicanews.com.do\/live\/wp-json\/wp\/v2\/media\/1564"}],"wp:attachment":[{"href":"https:\/\/larepublicanews.com.do\/live\/wp-json\/wp\/v2\/media?parent=1556"}],"wp:term":[{"taxonomy":"category","embeddable":true,"href":"https:\/\/larepublicanews.com.do\/live\/wp-json\/wp\/v2\/categories?post=1556"},{"taxonomy":"post_tag","embeddable":true,"href":"https:\/\/larepublicanews.com.do\/live\/wp-json\/wp\/v2\/tags?post=1556"}],"curies":[{"name":"wp","href":"https:\/\/api.w.org\/{rel}","templated":true}]}}