{"id":1548,"date":"2021-03-23T12:09:53","date_gmt":"2021-03-23T12:09:53","guid":{"rendered":"https:\/\/larepublicanews.com.do\/live\/?p=1548"},"modified":"2021-03-23T12:09:53","modified_gmt":"2021-03-23T12:09:53","slug":"escenario-electoral-es-de-tres-partidos","status":"publish","type":"post","link":"https:\/\/larepublicanews.com.do\/live\/escenario-electoral-es-de-tres-partidos\/","title":{"rendered":"Escenario electoral es de tres partidos"},"content":{"rendered":"<p>La formalizaci\u00f3n del partido Fuerza del Pueblo (FP), tras la conclusi\u00f3n del primer Congreso Constitutivo, deja el escenario pol\u00edtico claramente repartido.\u00a0<span id=\"more-1122206\"><\/span>El gobernante Partido Revolucionario Moderno (PRM) y el Partido de la Liberaci\u00f3n Dominicana (PLD) necesariamente tendr\u00e1n que contar con el nuevo jugador que se define a s\u00ed mismo con vocaci\u00f3n de poder.<\/p>\n<p>De hecho, actualmente el poder est\u00e1 dividido en esas tres organizaciones, con el rol dominante del PRM, a cargo del Poder Ejecutivo, mayor\u00eda en el Senado, la C\u00e1mara de Diputados y las alcald\u00edas. En tanto, el PLD es segunda mayor\u00eda en la C\u00e1mara de Diputados con m\u00e1s de 60 representantes, y la Fuerza del Pueblo es segunda mayor\u00eda en el Senado, con nueve legisladores, el PRM domina con 19 y el PLD tiene tres. Adem\u00e1s, fue bajo su influjo que se constituy\u00f3 la actual Suprema Corte de Justicia.<\/p>\n<p>La FP tiene una desventaja frente al PLD y el PRM, pues no recibir\u00e1 parte del 80% de los recursos que entrega el Estado a los partido, luego que la Junta Central Electoral (JCE) aplic\u00f3 un criterio de distribuci\u00f3n en el que esa organizaci\u00f3n no alcanz\u00f3 el 5% de los votos necesarios para entrar en ese porcentaje. La entidad apel\u00f3 el caso ante el Tribunal Superior Administrativo que reenvi\u00f3 la audiencia del caso para el 12 de mayo. Adem\u00e1s de los recursos el tema tiene un efecto pol\u00edtico para la organizaci\u00f3n que tendr\u00eda que lidiar con el filo que sacar\u00e1n sus adversarios al estigmatizar la organizaci\u00f3n como partido minoritario.<\/p>\n<p>De cara al 2024, es evidente que el escenario quedar\u00e1 m\u00e1s fragmentado que en las elecciones del 2020. Para ese certamen por la Presidencia el mayor reto lo tiene el PLD, que tiene que identificar qui\u00e9n encabezar\u00e1 la boleta, pues su principal l\u00edder, Danilo Medina, est\u00e1 impedido por la Constituci\u00f3n para aspirar de nuevo a la Presidencia, mientras que la FP se da por hecho que Leonel Fern\u00e1ndez ser\u00e1 el candidato presidencial, mientras el PRM tiene al presidente Luis Abinader como su gran activo, sin impedimento constitucional para repostularse.<\/p>\n<p>En el PLD los nombres que m\u00e1s suenan para encabezar la boleta son los de Francisco Dom\u00ednguez Brito, Gonzalo Castillo, Abel Mart\u00ednez y Margarita Cede\u00f1o. Pero lo que definir\u00e1 qui\u00e9n ser\u00e1 el candidato presidencial ser\u00e1 el que cuente con el apoyo del expresidente Medina por el dominio casi absoluto que tiene de esa organizaci\u00f3n.<\/p>\n<p>Con vista al 2024, el PLD se ha debilitado por la renuncia de 13 legisladores, una cantidad importante de alcaldes y regidores. Sin embargo, ese partido no se resquebraj\u00f3 tanto como se proyect\u00f3, y recientemente concluy\u00f3 el Noveno Congreso sin mayores inconvenientes en el que escogi\u00f3 al expresidente Danilo Medina como presidente de la organizaci\u00f3n y a Charlie Mariotti, secretario general. El PLD ratific\u00f3 a los antiguos miembros del Comit\u00e9 Pol\u00edtico y a\u00fan no tiene que lidiar con los ruidos que genera la renuncia permanente de dirigentes y miembros de la organizaci\u00f3n.<\/p>\n<p>La FP, aunque concluy\u00f3 su congreso constitutivo, tiene pendiente la elecci\u00f3n de las autoridades. Este tipo de proceso suele ser m\u00e1s conflictivo por el inter\u00e9s de los dirigentes de acceder a los cargos y organismos de direcci\u00f3n. Un tema que est\u00e1 en conflicto en la organizaci\u00f3n es que la secretar\u00eda general se habr\u00eda reservado para los antiguos militantes del PTD y hay dirigentes como el senador de San Crist\u00f3bal, Franklin Rodr\u00edguez, que aspiran a la misma.<\/p>\n<p>El problema tanto del PLD como de la FP es que el voto que le dio cinco victorias electorales seguidas ahora est\u00e1 dividido y la historia electoral ense\u00f1a que en esos escenarios es dif\u00edcil vencer en las urnas. Al parecer Fern\u00e1ndez est\u00e1 consciente de esa realidad y desde hace un tiempo ha insistido en el discurso de \u201cunificar la familia pelede\u00edsta\u201d. \u201cEn alg\u00fan momento la fuerza boschista va a converger y a dirigir de nuevo los destinos de RD\u201d, sostuvo recientemente.<\/p>\n<p>Los retos del PRM para retener el poder van m\u00e1s all\u00e1 de mantener la unidad interna que logr\u00f3 en el pasado proceso electoral, pero que a solo siete meses de estar en el gobierno algunos dirigentes han empezado a hacer oposici\u00f3n al gobierno. Pero el gran reto de Abinader es manejar con \u00e9xito la crisis sanitaria, econ\u00f3mica y social desprendida de la pandemia de la covid-19.<\/p>\n<p>Hasta ahora, el gobernante ha pasado la prueba. En materia de salud ha logrado desarrollar con \u00e9xito la vacunaci\u00f3n, hasta ahora la mayor apuesta mundial para contener el virus y volver a la normalidad. La crisis econ\u00f3mica todav\u00eda reta al gobierno por el alto nivel de endeudamiento y la lentitud de la recuperaci\u00f3n, pero tanto Abinader como las autoridades monetarias, en la persona del gobernador del Banco Central, H\u00e9ctor Valdez Albizu, est\u00e1n optimistas con la recuperaci\u00f3n de la econom\u00eda este a\u00f1o. Si el gobierno tiene \u00e9xito en el manejo de la econom\u00eda entonces controlar\u00e1 posibles estallidos sociales.<\/p>\n<p>Por: Yanessi Espinal De El Caribe<\/p>\n","protected":false},"excerpt":{"rendered":"<p>La formalizaci\u00f3n del partido Fuerza del Pueblo (FP), tras la conclusi\u00f3n del primer Congreso Constitutivo, deja el escenario pol\u00edtico claramente repartido.\u00a0El gobernante Partido Revolucionario Moderno (PRM) y el Partido de la Liberaci\u00f3n Dominicana (PLD) necesariamente tendr\u00e1n que contar con el nuevo jugador que se define a s\u00ed mismo con vocaci\u00f3n de poder. De hecho, actualmente el poder est\u00e1 dividido en esas tres organizaciones, con el rol dominante del PRM, a cargo del Poder Ejecutivo, mayor\u00eda en el Senado, la C\u00e1mara de Diputados y las alcald\u00edas. En tanto, el PLD es&hellip;<\/p>\n","protected":false},"author":2,"featured_media":1553,"comment_status":"open","ping_status":"open","sticky":false,"template":"","format":"standard","meta":{"rop_custom_images_group":[],"rop_custom_messages_group":[],"rop_publish_now":"initial","rop_publish_now_accounts":[],"rop_publish_now_history":[],"rop_publish_now_status":"pending","footnotes":""},"categories":[19,20,24],"tags":[],"class_list":["post-1548","post","type-post","status-publish","format-standard","has-post-thumbnail","hentry","category-la-fuerza-del-pueblo","category-leonel-fernandez","category-politica"],"_links":{"self":[{"href":"https:\/\/larepublicanews.com.do\/live\/wp-json\/wp\/v2\/posts\/1548","targetHints":{"allow":["GET"]}}],"collection":[{"href":"https:\/\/larepublicanews.com.do\/live\/wp-json\/wp\/v2\/posts"}],"about":[{"href":"https:\/\/larepublicanews.com.do\/live\/wp-json\/wp\/v2\/types\/post"}],"author":[{"embeddable":true,"href":"https:\/\/larepublicanews.com.do\/live\/wp-json\/wp\/v2\/users\/2"}],"replies":[{"embeddable":true,"href":"https:\/\/larepublicanews.com.do\/live\/wp-json\/wp\/v2\/comments?post=1548"}],"version-history":[{"count":1,"href":"https:\/\/larepublicanews.com.do\/live\/wp-json\/wp\/v2\/posts\/1548\/revisions"}],"predecessor-version":[{"id":1554,"href":"https:\/\/larepublicanews.com.do\/live\/wp-json\/wp\/v2\/posts\/1548\/revisions\/1554"}],"wp:featuredmedia":[{"embeddable":true,"href":"https:\/\/larepublicanews.com.do\/live\/wp-json\/wp\/v2\/media\/1553"}],"wp:attachment":[{"href":"https:\/\/larepublicanews.com.do\/live\/wp-json\/wp\/v2\/media?parent=1548"}],"wp:term":[{"taxonomy":"category","embeddable":true,"href":"https:\/\/larepublicanews.com.do\/live\/wp-json\/wp\/v2\/categories?post=1548"},{"taxonomy":"post_tag","embeddable":true,"href":"https:\/\/larepublicanews.com.do\/live\/wp-json\/wp\/v2\/tags?post=1548"}],"curies":[{"name":"wp","href":"https:\/\/api.w.org\/{rel}","templated":true}]}}