{"id":1547,"date":"2021-03-23T12:06:44","date_gmt":"2021-03-23T12:06:44","guid":{"rendered":"https:\/\/larepublicanews.com.do\/live\/?p=1547"},"modified":"2021-03-23T12:06:44","modified_gmt":"2021-03-23T12:06:44","slug":"inicia-la-vacunacion-a-los-militares-contra-covid-19","status":"publish","type":"post","link":"https:\/\/larepublicanews.com.do\/live\/inicia-la-vacunacion-a-los-militares-contra-covid-19\/","title":{"rendered":"Inicia la vacunaci\u00f3n a los militares contra covid-19"},"content":{"rendered":"<p>El Ministerio de Defensa (MIDE) inici\u00f3 ayer el proceso de vacunaci\u00f3n contra el covid-19 en el personal militar de todas sus instituciones.<br \/>\n<span id=\"more-1122332\"><\/span><br \/>\nTras comenzar la jornada de inmunizaci\u00f3n entre los oficiales de la Polic\u00eda Nacional y los miembros de las Fuerzas Armadas, se inicia la fase ID del plan que busca inocular en la primera etapa a 1.5 millones de personas.<\/p>\n<p>El cuerpo castrense tendr\u00e1 a disposici\u00f3n unos 53 centros de vacunaci\u00f3n diseminados en todo el territorio nacional.<\/p>\n<p><strong>Centros permanecen cerrados<\/strong><\/p>\n<p>El Gabinete de Salud de la Presidencia a\u00fan no reinicia a su totalidad la administraci\u00f3n del preparado anticoronavirus.<br \/>\nTodav\u00eda diversos puestos habilitados para colocar el f\u00e1rmaco ayer permanec\u00edan cerrados. Tal es el caso del Centro Cl\u00ednico y Diagn\u00f3stico de la Nueva Barquita, que inici\u00f3 hace un mes la inmunizaci\u00f3n contra la patolog\u00eda pero se vio obligado a suspender la inoculaci\u00f3n porque no est\u00e1n recibiendo el biol\u00f3gico.<\/p>\n<p>Yudelkis Mata, gerente general del hospital de atenci\u00f3n primaria, se\u00f1al\u00f3 que a diario estuvieron vacunando a unas 50 personas, y que ninguno de los individuos inoculados present\u00f3 consecuencias adversas.<\/p>\n<p>Sin embargo, manifest\u00f3 que el personal m\u00e9dico que recibi\u00f3 la vacuna Covishield elaborada por el Instituto Serum de la India con transferencia de tecnolog\u00eda de Astrazeneca y la Universidad de Oxford, s\u00ed sufri\u00f3 efectos secundarios. \u201cA m\u00ed en lo personal me dio mucha fiebre, dolor articular, ronquera y presi\u00f3n baja \u201d, dijo.<\/p>\n<p><strong>Doctora en La Vega<\/strong><\/p>\n<p>La direcci\u00f3n provincial de Salud P\u00fablica en La Vega investigar\u00e1 la denuncia hecha por una doctora, quien asegur\u00f3 haber sufrido un cuadro inflamatorio que edematiz\u00f3 todo su cuerpo, tras ser vacunada contra la covid-19 con una dosis de AstraZeneca.<\/p>\n<p>&nbsp;<\/p>\n<p>Por: Luis Silva de El Caribe<\/p>\n","protected":false},"excerpt":{"rendered":"<p>El Ministerio de Defensa (MIDE) inici\u00f3 ayer el proceso de vacunaci\u00f3n contra el covid-19 en el personal militar de todas sus instituciones. Tras comenzar la jornada de inmunizaci\u00f3n entre los oficiales de la Polic\u00eda Nacional y los miembros de las Fuerzas Armadas, se inicia la fase ID del plan que busca inocular en la primera etapa a 1.5 millones de personas. El cuerpo castrense tendr\u00e1 a disposici\u00f3n unos 53 centros de vacunaci\u00f3n diseminados en todo el territorio nacional. Centros permanecen cerrados El Gabinete de Salud de la Presidencia a\u00fan no&hellip;<\/p>\n","protected":false},"author":2,"featured_media":1551,"comment_status":"open","ping_status":"open","sticky":false,"template":"","format":"standard","meta":{"rop_custom_images_group":[],"rop_custom_messages_group":[],"rop_publish_now":"initial","rop_publish_now_accounts":[],"rop_publish_now_history":[],"rop_publish_now_status":"pending","footnotes":""},"categories":[46,68],"tags":[],"class_list":["post-1547","post","type-post","status-publish","format-standard","has-post-thumbnail","hentry","category-covid-19","category-vacunacion"],"_links":{"self":[{"href":"https:\/\/larepublicanews.com.do\/live\/wp-json\/wp\/v2\/posts\/1547","targetHints":{"allow":["GET"]}}],"collection":[{"href":"https:\/\/larepublicanews.com.do\/live\/wp-json\/wp\/v2\/posts"}],"about":[{"href":"https:\/\/larepublicanews.com.do\/live\/wp-json\/wp\/v2\/types\/post"}],"author":[{"embeddable":true,"href":"https:\/\/larepublicanews.com.do\/live\/wp-json\/wp\/v2\/users\/2"}],"replies":[{"embeddable":true,"href":"https:\/\/larepublicanews.com.do\/live\/wp-json\/wp\/v2\/comments?post=1547"}],"version-history":[{"count":1,"href":"https:\/\/larepublicanews.com.do\/live\/wp-json\/wp\/v2\/posts\/1547\/revisions"}],"predecessor-version":[{"id":1552,"href":"https:\/\/larepublicanews.com.do\/live\/wp-json\/wp\/v2\/posts\/1547\/revisions\/1552"}],"wp:featuredmedia":[{"embeddable":true,"href":"https:\/\/larepublicanews.com.do\/live\/wp-json\/wp\/v2\/media\/1551"}],"wp:attachment":[{"href":"https:\/\/larepublicanews.com.do\/live\/wp-json\/wp\/v2\/media?parent=1547"}],"wp:term":[{"taxonomy":"category","embeddable":true,"href":"https:\/\/larepublicanews.com.do\/live\/wp-json\/wp\/v2\/categories?post=1547"},{"taxonomy":"post_tag","embeddable":true,"href":"https:\/\/larepublicanews.com.do\/live\/wp-json\/wp\/v2\/tags?post=1547"}],"curies":[{"name":"wp","href":"https:\/\/api.w.org\/{rel}","templated":true}]}}