{"id":1537,"date":"2021-03-23T11:58:07","date_gmt":"2021-03-23T11:58:07","guid":{"rendered":"https:\/\/larepublicanews.com.do\/live\/?p=1537"},"modified":"2021-03-23T11:58:07","modified_gmt":"2021-03-23T11:58:07","slug":"universidades-y-escuelas-avanzan-para-retorno-a-clases","status":"publish","type":"post","link":"https:\/\/larepublicanews.com.do\/live\/universidades-y-escuelas-avanzan-para-retorno-a-clases\/","title":{"rendered":"Universidades y escuelas avanzan para retorno a clases"},"content":{"rendered":"<p>El camino a la vuelta a clases en las universidades y las escuelas p\u00fablicas est\u00e1 allanado. Ayer, los ministerios de Educaci\u00f3n Superior y de Educaci\u00f3n dieron pasos para la reapertura de los centros el 6 de abril.<br \/>\n<span id=\"more-1122331\"><\/span><br \/>\nEl Ministerio de Educaci\u00f3n Superior, Ciencia y Tecnolog\u00eda (Mescyt) present\u00f3 una propuesta de apertura para el desarrollo de la docencia semipresencial en las universidades. Durante una reuni\u00f3n con los rectores de las academias superiores, las autoridades de la instituci\u00f3n llegaron a un consenso sobre la implementaci\u00f3n de tres fases para ejecutar el retorno a las aulas.<\/p>\n<p>La primera etapa contempla iniciar las asignaturas de laboratorios, as\u00ed como abrir las \u00e1reas de servicios, bibliotecas, institutos de investigaci\u00f3n, ex\u00e1menes especiales, tutor\u00edas, defensa de tesis y programas de postgrado el seis de abril.<\/p>\n<p>Mientras que la fase dos comenzar\u00eda el 4 de mayo, con pr\u00e1cticas docentes, docencia de asignaturas te\u00f3ricas, rotaciones hospitalarias y pr\u00e1cticas comunitarias.<\/p>\n<p>Aunque no precisa fecha de arranque, la tercera y \u00faltima fase sugiere implementar un sistema h\u00edbrido-semipresencial conforme a la evoluci\u00f3n de la pandemia del coronavirus.<\/p>\n<p>El comit\u00e9 tambi\u00e9n est\u00e1 integrado por el presidente de la Asociaci\u00f3n Dominicana de Universidades (ADOU), Jos\u00e9 Alejandro Aybar; el vicepresidente de la Asociaci\u00f3n Dominicana de Rectores de Universidades (ADRU), Jos\u00e9 Hazim Torres; el presidente de la Asociaci\u00f3n de Universidades de Rep\u00fablica Dominicana (Aured), Ricardo Winter y la viceministra del Mescyt, Carmen Evarista Mat\u00edas.<\/p>\n<p><strong>48 municipios<\/strong><\/p>\n<p>De su lado, el ministro de Educaci\u00f3n, Roberto Fulcar, encabez\u00f3 una reuni\u00f3n de balance y coordinaci\u00f3n con los 18 directores regionales y los 122 distritales del Ministerio de Educaci\u00f3n, donde pasaron revista a los trabajos de mantenimiento correctivo en los centros educativos de los 48 municipios del pa\u00eds donde iniciar\u00e1 el retorno gradual a la presencialidad y semipresencialidad de la docencia, el pr\u00f3ximo 6 de abril. Fulcar dijo que esos 48 municipios cuentan con 1,958 centros con una matr\u00edcula de 419,980 estudiantes y un cuerpo docente de 21,524; mientras que el personal administrativo es de 16,082.<\/p>\n<p><strong>Minerd acondiciona centros escolates<\/strong><\/p>\n<p>Entre los trabajos que se llevan a cabo en los diferentes centros escolares se encuentran pintura, limpieza, instalaci\u00f3n de sistemas de agua y sanitarios, poda de \u00e1rboles y correcci\u00f3n de filtraciones en los techos. Fulcar anim\u00f3 a los directores Regionales y de Distritos a dar seguimiento desde ahora a las familias para que el retorno a clases sea exitoso.<\/p>\n<p>\u201cGaranticen un esp\u00edritu positivo y esperanzador\u201d<\/p>\n<p>Por: Luis Silva De El Caribe.<\/p>\n","protected":false},"excerpt":{"rendered":"<p>El camino a la vuelta a clases en las universidades y las escuelas p\u00fablicas est\u00e1 allanado. Ayer, los ministerios de Educaci\u00f3n Superior y de Educaci\u00f3n dieron pasos para la reapertura de los centros el 6 de abril. El Ministerio de Educaci\u00f3n Superior, Ciencia y Tecnolog\u00eda (Mescyt) present\u00f3 una propuesta de apertura para el desarrollo de la docencia semipresencial en las universidades. Durante una reuni\u00f3n con los rectores de las academias superiores, las autoridades de la instituci\u00f3n llegaron a un consenso sobre la implementaci\u00f3n de tres fases para ejecutar el retorno&hellip;<\/p>\n","protected":false},"author":2,"featured_media":1545,"comment_status":"open","ping_status":"open","sticky":false,"template":"","format":"standard","meta":{"rop_custom_images_group":[],"rop_custom_messages_group":[],"rop_publish_now":"initial","rop_publish_now_accounts":[],"rop_publish_now_history":[],"rop_publish_now_status":"pending","footnotes":""},"categories":[56],"tags":[],"class_list":["post-1537","post","type-post","status-publish","format-standard","has-post-thumbnail","hentry","category-educacion"],"_links":{"self":[{"href":"https:\/\/larepublicanews.com.do\/live\/wp-json\/wp\/v2\/posts\/1537","targetHints":{"allow":["GET"]}}],"collection":[{"href":"https:\/\/larepublicanews.com.do\/live\/wp-json\/wp\/v2\/posts"}],"about":[{"href":"https:\/\/larepublicanews.com.do\/live\/wp-json\/wp\/v2\/types\/post"}],"author":[{"embeddable":true,"href":"https:\/\/larepublicanews.com.do\/live\/wp-json\/wp\/v2\/users\/2"}],"replies":[{"embeddable":true,"href":"https:\/\/larepublicanews.com.do\/live\/wp-json\/wp\/v2\/comments?post=1537"}],"version-history":[{"count":1,"href":"https:\/\/larepublicanews.com.do\/live\/wp-json\/wp\/v2\/posts\/1537\/revisions"}],"predecessor-version":[{"id":1546,"href":"https:\/\/larepublicanews.com.do\/live\/wp-json\/wp\/v2\/posts\/1537\/revisions\/1546"}],"wp:featuredmedia":[{"embeddable":true,"href":"https:\/\/larepublicanews.com.do\/live\/wp-json\/wp\/v2\/media\/1545"}],"wp:attachment":[{"href":"https:\/\/larepublicanews.com.do\/live\/wp-json\/wp\/v2\/media?parent=1537"}],"wp:term":[{"taxonomy":"category","embeddable":true,"href":"https:\/\/larepublicanews.com.do\/live\/wp-json\/wp\/v2\/categories?post=1537"},{"taxonomy":"post_tag","embeddable":true,"href":"https:\/\/larepublicanews.com.do\/live\/wp-json\/wp\/v2\/tags?post=1537"}],"curies":[{"name":"wp","href":"https:\/\/api.w.org\/{rel}","templated":true}]}}