{"id":1535,"date":"2021-03-23T11:48:35","date_gmt":"2021-03-23T11:48:35","guid":{"rendered":"https:\/\/larepublicanews.com.do\/live\/?p=1535"},"modified":"2021-03-23T11:48:35","modified_gmt":"2021-03-23T11:48:35","slug":"gobierno-comprara-armas-ilegales-identificara-con-chalecos-a-motociclistas","status":"publish","type":"post","link":"https:\/\/larepublicanews.com.do\/live\/gobierno-comprara-armas-ilegales-identificara-con-chalecos-a-motociclistas\/","title":{"rendered":"Gobierno comprar\u00e1 armas ilegales; identificar\u00e1 con chalecos a motociclistas"},"content":{"rendered":"<div class=\"paragraph\">\n<p>El Plan de Seguridad Ciudadana que anunci\u00f3 el presidente Luis Abinader este lunes tendr\u00e1 como una de sus acciones fundamentales la compra de armas de fuego que civiles porten de forma ilegal para su posterior destrucci\u00f3n.<\/p>\n<p>La compensaci\u00f3n incluir\u00e1 cupones canjeables en el sistema comercial para sus propietarios, y otras recompensas para polic\u00edas, militares, funcionarios aduanales y cualquier persona que colabore para la identificaci\u00f3n de un arma ilegal.<\/p>\n<p>Abinader advirti\u00f3 que esto no implica que se vayan a perdonar actos criminales que se hayan realizado con dichos art\u00edculos, pero se\u00f1al\u00f3 que los detalles respecto a c\u00f3mo y cu\u00e1ndo iniciar\u00e1n el programa ser\u00e1n dados a conocer el pr\u00f3ximo martes 6 de abril.<\/p>\n<div class=\"in-content-info 3 0\"><\/div>\n<div class=\"in-content\"><\/div>\n<p>Adelant\u00f3 que participar\u00e1n del mismo las iglesias, juntas de vecinos, fundaciones, organizaciones no gubernamentales (ONG), clubes sociales y gobernaciones. Para explicar los detalles del plan a la poblaci\u00f3n, har\u00e1n una promoci\u00f3n a trav\u00e9s de los medios masivos de comunicaci\u00f3n.<\/p>\n<div class=\"in-content-info w-100 blueconic-content 4 0\"><\/div>\n<p>Las estad\u00edsticas que maneja el gobierno dan cuenta de que solo 50 mil armas cuentan con permiso para su tenencia, de 238 mil registradas en el pa\u00eds.<\/p>\n<\/div>\n<div class=\"entretitulo\">Motociclistas con chalecos<\/div>\n<div class=\"paragraph\">\n<p>Como parte de la estrategia para aumentar la seguridad de tr\u00e1nsito, el primero de junio, comenzar\u00e1n a identificar a los conductores de motocicletas con chalecos marcados con un n\u00famero individual. Con esto, buscan reducir el n\u00famero de personas que usan esos veh\u00edculos sin licencia, y los que las utilizan para actividades delictivas.<\/p>\n<p>Con el mismo prop\u00f3sito, pondr\u00e1n en funcionamiento 60 nuevas motocicletas y 243 camionetas que, actualmente, prestan servicios de Asistencia Vial para las labores del Departamento de Ordenamiento de Carreteras de la Direcci\u00f3n General de Seguridad de Tr\u00e1nsito y Transporte Terrestre (Digesett).<\/p>\n<p>Estos agentes ser\u00e1n equipados con radares para detectar excesos de velocidad, un sistema de comunicaci\u00f3n de radios y flotas, y una aplicaci\u00f3n para depurar y fiscalizar a los infractores de las leyes de tr\u00e1nsito.<\/p>\n<p>Ser\u00e1n colocados estrat\u00e9gicamente, con fines preventivos, en puntos donde se registran altos porcentajes de accidentes de tr\u00e1nsito.<\/p>\n<p>Las labores de la Polic\u00eda Nacional (PN) ser\u00e1n reforzadas con la reconstrucci\u00f3n de 202 destacamentos, de un total de 717 que existen en todo el pa\u00eds. Unos 52 ser\u00e1n intervenidos este a\u00f1o y el resto incluidos en el presupuesto del 2022.<\/p>\n<p>Abinader enfatiz\u00f3 que el principal local a restaurar es el de la Direcci\u00f3n Regional de la Polic\u00eda del Cibao Central, en Santiago de los Caballeros, para continuar con los dem\u00e1s en el resto del territorio nacional.<\/p>\n<p>El mandatario afirm\u00f3 que el Ministerio de Interior y Polic\u00eda (MIP) realiza un inventario de los veh\u00edculos disponibles para el patrullaje, a fin de decidir sobre la adquisici\u00f3n de otros nuevos.<\/p>\n<\/div>\n<div class=\"entretitulo\">Cultura policial<\/div>\n<div class=\"paragraph\">\n<p>El jefe del Estado dominicano dispuso la entrega de una dotaci\u00f3n inicial de 40 millones de pesos para construir un nuevo modelo de cultura policial, basado en la \u00e9tica profesional, atenci\u00f3n efectiva, el buen trato y comportamiento de los agentes.<\/p>\n<\/div>\n<div class=\"entretitulo\">Denuncias por una app<\/div>\n<div class=\"paragraph\">\n<p>Implementar\u00e1n una aplicaci\u00f3n que permitir\u00e1 una interacci\u00f3n entre la ciudadan\u00eda y los agentes del orden.<\/p>\n<p>A trav\u00e9s de tel\u00e9fonos celulares, las personas podr\u00e1n levantar una denuncia y agregarles fotos, videos y textos, as\u00ed como darle seguimiento.<\/p>\n<p>En otra medida, abrir\u00e1n un laboratorio policial de criminal\u00edstica, en el que se recolectar\u00e1n y analizar\u00e1n muestras de ADN, bal\u00edstica y huellas dactilares.<\/p>\n<\/div>\n<div id=\"container-1602920\" class=\"mt-3 mb-4 p-3 insert_headline content-capsule\">\n<div class=\"share-btn visible-md-up hidden-sm-down\" data-share-target=\"1602920\"><img decoding=\"async\" class=\"mx-auto share-icon\" src=\"https:\/\/assets.diariolibre.com\/img\/icon\/icon-share-arrow.png\" \/><\/div>\n<div class=\"insertBlock\">\n<div class=\"insert_title\">Pondremos en marcha una plataforma que permitir\u00e1 la interacci\u00f3n directa entre los ciudadanos y la Polic\u00eda<\/div>\n<div class=\"Insert_text\"><\/div>\n<div class=\"list-number\">\n<div class=\"Insert_Headline\"><\/div>\n<\/div>\n<div class=\"Insert_Headline\"><\/div>\n<div class=\"list-detail\">\n<div class=\"Insert_Headline\"><\/div>\n<\/div>\n<div class=\"list-number\">\n<div class=\"Insert_Headline\"><\/div>\n<\/div>\n<div class=\"QuoteAuthor\">\n<div>\n<div class=\"Insert_Headline\"><\/div>\n<p><span class=\"mt-4 cita-author w-100 numscroller roller-title-number-1 scrollzip isShown\" data-slno=\"1\">Luis Abinader.<\/span><\/div>\n<\/div>\n<div class=\"Insert_Headline\"><\/div>\n<\/div>\n<\/div>\n<div id=\"container-1603023\" class=\"mt-3 mb-4 p-3 insert_headline content-capsule\">\n<div class=\"share-btn visible-md-up hidden-sm-down\" data-share-target=\"1603023\"><img decoding=\"async\" class=\"mx-auto share-icon\" src=\"https:\/\/assets.diariolibre.com\/img\/icon\/icon-share-arrow.png\" \/><\/div>\n<div class=\"insertBlock\">\n<div class=\"insert_title\">Delincuentes usan armas legales<\/div>\n<div class=\"Insert_text\">\n<p>La directora de la Procuradur\u00eda Especializada para el Control y Tr\u00e1fico de Armas, de la Procuradur\u00eda General de la Rep\u00fablica, Maura Mart\u00ednez, dijo este lunes que la delincuencia com\u00fan se abastece, mayormente, de armas asignadas legalmente a civiles, para cometer sus fechor\u00edas.<\/p>\n<p>Mart\u00ednez indic\u00f3 que a esas armas se a\u00f1aden las que ingresan al pa\u00eds a trav\u00e9s del tr\u00e1fico por aire y tierra desde otras naciones.<\/p>\n<p>La magistrada entiende que \u201ceste es un flagelo al que hay que prestar atenci\u00f3n al hablar del control de armas en manos de civiles\u201d.<\/p>\n<p>Agreg\u00f3 que deber\u00edan unir esfuerzos todas las agencias del Estado dominicano involucradas, a fin de lo grar los resultados comunes deseados.<\/p>\n<\/div>\n<div class=\"list-number\">\n<div class=\"Insert_Headline\"><\/div>\n<\/div>\n<div class=\"Insert_Headline\"><\/div>\n<div class=\"list-detail\">\n<div class=\"Insert_Headline\"><\/div>\n<\/div>\n<div class=\"list-number\">\n<div class=\"Insert_Headline\"><\/div>\n<\/div>\n<div class=\"QuoteAuthor\">\n<div>\n<div class=\"Insert_Headline\"><\/div>\n<\/div>\n<\/div>\n<div class=\"Insert_Headline\"><\/div>\n<\/div>\n<\/div>\n<div class=\"paragraph\">\n<p>El presidente Luis Abinader asegur\u00f3 estar trabajando con el Ministerio de Defensa para definir lo referente a los ascensos de los militares que ya cumplieron el tiempo reglamentario en sus rangos y que esperaban el pasado 27 de febrero.<\/p>\n<p>No indic\u00f3 una fecha espec\u00edfica, pero dijo que en los pr\u00f3ximos d\u00edas el ministro Carlos Luciano D\u00edaz Morfa, se referir\u00e1 al esperado tema dentro de las instituciones castrenses (El Ej\u00e9rcito, la Armada y la Fuerza A\u00e9rea).<\/p>\n<p>En esta fase del Plan de Seguridad Ciudadana, el mandatario no habl\u00f3 de incrementar el n\u00famero de alistados. Indic\u00f3, sin embargo, que la Polic\u00eda est\u00e1 abierta al ingreso de un mayor n\u00famero de agentes.<\/p>\n<p>Para hacer posible el plan de compra de armas de fuego, las autoridades contemplan reforzar la seguridad de la zona fronteriza para evitar la entrada de armas ilegales, el cual es uno de los objetivos que buscan con la construcci\u00f3n de una verja perimetral en puntos espec\u00edficos de la l\u00ednea divisoria entre ambos pa\u00edses.<\/p>\n<p>En cuanto a las personas que durante la pandemia no han renovado sus permisos para portar sus armas, el ministro de Interior y Polic\u00eda, Jes\u00fas (Chu) V\u00e1squez, explic\u00f3 que pr\u00f3ximamente anunciar\u00e1n la fecha para el inicio de un per\u00edodo de gracia en el que los usuarios puedan regularizarse.<\/p>\n<p>Apunt\u00f3 que su gesti\u00f3n abri\u00f3 veinte nuevos puntos de renovaci\u00f3n de permisos para agilizar el servicio a la ciudadan\u00eda a trav\u00e9s de intenet, luego de desmantelar una mafia que oper\u00f3 por a\u00f1os.<\/p>\n<p>Por: <strong>Balbiery Rosario de Diario Libre.<\/strong><\/p>\n<\/div>\n","protected":false},"excerpt":{"rendered":"<p>El Plan de Seguridad Ciudadana que anunci\u00f3 el presidente Luis Abinader este lunes tendr\u00e1 como una de sus acciones fundamentales la compra de armas de fuego que civiles porten de forma ilegal para su posterior destrucci\u00f3n. La compensaci\u00f3n incluir\u00e1 cupones canjeables en el sistema comercial para sus propietarios, y otras recompensas para polic\u00edas, militares, funcionarios aduanales y cualquier persona que colabore para la identificaci\u00f3n de un arma ilegal. Abinader advirti\u00f3 que esto no implica que se vayan a perdonar actos criminales que se hayan realizado con dichos art\u00edculos, pero se\u00f1al\u00f3&hellip;<\/p>\n","protected":false},"author":2,"featured_media":1540,"comment_status":"open","ping_status":"open","sticky":false,"template":"","format":"standard","meta":{"rop_custom_images_group":[],"rop_custom_messages_group":[],"rop_publish_now":"initial","rop_publish_now_accounts":[],"rop_publish_now_history":[],"rop_publish_now_status":"pending","footnotes":""},"categories":[65,66],"tags":[],"class_list":["post-1535","post","type-post","status-publish","format-standard","has-post-thumbnail","hentry","category-armas","category-gobierno"],"_links":{"self":[{"href":"https:\/\/larepublicanews.com.do\/live\/wp-json\/wp\/v2\/posts\/1535","targetHints":{"allow":["GET"]}}],"collection":[{"href":"https:\/\/larepublicanews.com.do\/live\/wp-json\/wp\/v2\/posts"}],"about":[{"href":"https:\/\/larepublicanews.com.do\/live\/wp-json\/wp\/v2\/types\/post"}],"author":[{"embeddable":true,"href":"https:\/\/larepublicanews.com.do\/live\/wp-json\/wp\/v2\/users\/2"}],"replies":[{"embeddable":true,"href":"https:\/\/larepublicanews.com.do\/live\/wp-json\/wp\/v2\/comments?post=1535"}],"version-history":[{"count":1,"href":"https:\/\/larepublicanews.com.do\/live\/wp-json\/wp\/v2\/posts\/1535\/revisions"}],"predecessor-version":[{"id":1541,"href":"https:\/\/larepublicanews.com.do\/live\/wp-json\/wp\/v2\/posts\/1535\/revisions\/1541"}],"wp:featuredmedia":[{"embeddable":true,"href":"https:\/\/larepublicanews.com.do\/live\/wp-json\/wp\/v2\/media\/1540"}],"wp:attachment":[{"href":"https:\/\/larepublicanews.com.do\/live\/wp-json\/wp\/v2\/media?parent=1535"}],"wp:term":[{"taxonomy":"category","embeddable":true,"href":"https:\/\/larepublicanews.com.do\/live\/wp-json\/wp\/v2\/categories?post=1535"},{"taxonomy":"post_tag","embeddable":true,"href":"https:\/\/larepublicanews.com.do\/live\/wp-json\/wp\/v2\/tags?post=1535"}],"curies":[{"name":"wp","href":"https:\/\/api.w.org\/{rel}","templated":true}]}}