{"id":1534,"date":"2021-03-23T11:43:22","date_gmt":"2021-03-23T11:43:22","guid":{"rendered":"https:\/\/larepublicanews.com.do\/live\/?p=1534"},"modified":"2021-03-23T11:43:22","modified_gmt":"2021-03-23T11:43:22","slug":"aplicacion-de-la-segunda-dosis-de-vacuna-contra-el-covid-19-comenzara-este-miercoles","status":"publish","type":"post","link":"https:\/\/larepublicanews.com.do\/live\/aplicacion-de-la-segunda-dosis-de-vacuna-contra-el-covid-19-comenzara-este-miercoles\/","title":{"rendered":"Aplicaci\u00f3n de la segunda dosis de vacuna contra el COVID-19 comenzar\u00e1 este mi\u00e9rcoles"},"content":{"rendered":"<p>El Gabinete de Salud inform\u00f3 este lunes que el lote de m\u00e1s de un mill\u00f3n de vacunas que lleg\u00f3 desde China ser\u00e1 destinado, casi en su totalidad, a la<b>\u00a0aplicaci\u00f3n de la segunda dosis,\u00a0<\/b>proceso que<b>\u00a0comenzar\u00e1 el mi\u00e9rcoles 24 de marzo.<\/b><\/p>\n<p>La informaci\u00f3n fue ofrecida a Diario Libre por una de las coordinadoras de prensa del organismo oficial, quien precis\u00f3 que las jornadas iniciar\u00e1n con el personal sanitario, que fueron los primeros inoculados.<\/p>\n<p>De su lado,\u00a0<b>el ministro de Salud, Daniel Rivera,<\/b>\u00a0inform\u00f3 que\u00a0<b>todo est\u00e1 planificado para iniciar el proceso de vacunaci\u00f3n\u00a0<\/b>y cuentan con la cantidad de jeringas necesarias.<\/p>\n<div class=\"in-content-info 3 0\"><\/div>\n<div class=\"in-content\"><\/div>\n<p><b>\u201cEsto sale exacto para cubrir la segunda dosis de los pacientes, es una responsabilidad de ambas partes: ellos irse a vacunar y nosotros ponerle la vacuna<\/b>\u201d, dijo.<\/p>\n<div class=\"in-content-info w-100 blueconic-content 4 0\"><\/div>\n<p>De acuerdo con el Gabinete de Salud en el transcurso de los d\u00edas se ir\u00e1n agregando los dem\u00e1s grupos poblacionales que ya se aplicaron la primera dosis de la vacuna. Las autoridades destacaron que este es un proceso que se realizar\u00e1 de forma paulatina hasta llegar al masivo de esos que se vacunaron.<\/p>\n<p>La vicepresidencia de la Rep\u00fablica, Raquel Pe\u00f1a, inform\u00f3 que\u00a0<b>el pa\u00eds lleva m\u00e1s de 730,000 personas inoculadas con la primera dosis<\/b>\u00a0y que ese grupo est\u00e1 en proceso de obtener la completa inmunizaci\u00f3n con la segunda dosis de las vacunas Coronavac del laboratorio chino Sinovac y Covishield fabricada por el Serum Institute de la India, con la f\u00f3rmula de AstraZeneca.<\/p>\n<p>De igual forma, que\u00a0<b>los centros de vacunaci\u00f3n contra el COVID-19 se mantendr\u00e1n abiertos durante la Semana Santa<\/b>\u00a0para garantizar que las personas a las que corresponde aplicarse la segunda dosis puedan hacerlo.<\/p>\n<p>M\u00e1s de una docena de personas del Ministerio de Educaci\u00f3n se congregaron la ma\u00f1ana de este lunes en la Universidad Tecnol\u00f3gica de Santiago (Utesa) en busca de ser inoculadas, pero pasadas las 9:00 de la ma\u00f1ana no se present\u00f3 el personal de Salud P\u00fablica, por lo que las \u00e1reas de vacunaci\u00f3n estaban cerradas.<\/p>\n<p>Tampoco las universidades Aut\u00f3noma de Santo Domingo, la Pontificia Universidad Cat\u00f3lica Madre y Maestra y la Cat\u00f3lica de Santo Domingo han reiniciado las jornadas de vacunaci\u00f3n.<\/p>\n<p>El \u00fanico centro que estuvo funcionado fue el de la Universidad Pedro Henr\u00edquez Ure\u00f1a y con una asistencia m\u00ednima.<\/p>\n<p>La directora del \u00c1rea VI de Salud, Mar\u00eda Isabel Tav\u00e1rez, afirm\u00f3 que todo el que tiene una cita cuenta con una dosis de la vacuna garantizada, aunque no precis\u00f3 la cantidad del biol\u00f3gico con que cuentan.<\/p>\n<p>Entre tanto, el Ministerio de Salud P\u00fablica report\u00f3 este lunes tres muertes y 313 nuevos casos de COVID-19.<\/p>\n<p>De acuerdo al bolet\u00edn 368, con los nuevos decesos, uno de los cuales ocurri\u00f3 en las \u00faltimas 24 horas, el total de fallecidos asciende a 3,275 y los casos de contagios son 2049,776. La letalidad, seg\u00fan el reporte, es de 1.31 por ciento.<\/p>\n<p>El bolet\u00edn indica que la positividad diaria es de 15.86 por ciento, mientras que la de cada cuatro semanas es de 10.96 por ciento.<\/p>\n<p>Ayer se hicieron 1,973 pruebas para detectar el virus a personas que se las realizaron por primera vez y 1,161 subsecuentes. Los casos activos son 40,208 y recuperados 206,293.<\/p>\n<p><b>Ocupaci\u00f3n hospitalaria est\u00e1 en un 18 %<\/b><\/p>\n<p>El Ministerio de Salud P\u00fablica informa, adem\u00e1s, que la ocupaci\u00f3n hospitalaria est\u00e1 en un 18 por ciento, con 472 pacientes ingresados en los centros p\u00fablicos y privados.<\/p>\n<p>En unidades de cuidados intensivos hay 169 personas, para un 32 % de ocupaci\u00f3n de camas, de un total de 535 que hay en esa \u00e1rea.<\/p>\n<p>Con ventilaci\u00f3n artificial, hay 97 personas, para un 24 % de ocupaci\u00f3n de esos equipos, que son 406.<\/p>\n<p>Por: <strong>Yulissa \u00c1lvarez de Diario Libre<\/strong><\/p>\n","protected":false},"excerpt":{"rendered":"<p>El Gabinete de Salud inform\u00f3 este lunes que el lote de m\u00e1s de un mill\u00f3n de vacunas que lleg\u00f3 desde China ser\u00e1 destinado, casi en su totalidad, a la\u00a0aplicaci\u00f3n de la segunda dosis,\u00a0proceso que\u00a0comenzar\u00e1 el mi\u00e9rcoles 24 de marzo. La informaci\u00f3n fue ofrecida a Diario Libre por una de las coordinadoras de prensa del organismo oficial, quien precis\u00f3 que las jornadas iniciar\u00e1n con el personal sanitario, que fueron los primeros inoculados. De su lado,\u00a0el ministro de Salud, Daniel Rivera,\u00a0inform\u00f3 que\u00a0todo est\u00e1 planificado para iniciar el proceso de vacunaci\u00f3n\u00a0y cuentan con&hellip;<\/p>\n","protected":false},"author":2,"featured_media":1538,"comment_status":"open","ping_status":"open","sticky":false,"template":"","format":"standard","meta":{"rop_custom_images_group":[],"rop_custom_messages_group":[],"rop_publish_now":"initial","rop_publish_now_accounts":[],"rop_publish_now_history":[],"rop_publish_now_status":"pending","footnotes":""},"categories":[46,64],"tags":[],"class_list":["post-1534","post","type-post","status-publish","format-standard","has-post-thumbnail","hentry","category-covid-19","category-salud-publica"],"_links":{"self":[{"href":"https:\/\/larepublicanews.com.do\/live\/wp-json\/wp\/v2\/posts\/1534","targetHints":{"allow":["GET"]}}],"collection":[{"href":"https:\/\/larepublicanews.com.do\/live\/wp-json\/wp\/v2\/posts"}],"about":[{"href":"https:\/\/larepublicanews.com.do\/live\/wp-json\/wp\/v2\/types\/post"}],"author":[{"embeddable":true,"href":"https:\/\/larepublicanews.com.do\/live\/wp-json\/wp\/v2\/users\/2"}],"replies":[{"embeddable":true,"href":"https:\/\/larepublicanews.com.do\/live\/wp-json\/wp\/v2\/comments?post=1534"}],"version-history":[{"count":1,"href":"https:\/\/larepublicanews.com.do\/live\/wp-json\/wp\/v2\/posts\/1534\/revisions"}],"predecessor-version":[{"id":1539,"href":"https:\/\/larepublicanews.com.do\/live\/wp-json\/wp\/v2\/posts\/1534\/revisions\/1539"}],"wp:featuredmedia":[{"embeddable":true,"href":"https:\/\/larepublicanews.com.do\/live\/wp-json\/wp\/v2\/media\/1538"}],"wp:attachment":[{"href":"https:\/\/larepublicanews.com.do\/live\/wp-json\/wp\/v2\/media?parent=1534"}],"wp:term":[{"taxonomy":"category","embeddable":true,"href":"https:\/\/larepublicanews.com.do\/live\/wp-json\/wp\/v2\/categories?post=1534"},{"taxonomy":"post_tag","embeddable":true,"href":"https:\/\/larepublicanews.com.do\/live\/wp-json\/wp\/v2\/tags?post=1534"}],"curies":[{"name":"wp","href":"https:\/\/api.w.org\/{rel}","templated":true}]}}