{"id":1527,"date":"2021-03-21T23:42:04","date_gmt":"2021-03-21T23:42:04","guid":{"rendered":"https:\/\/larepublicanews.com.do\/live\/?p=1527"},"modified":"2021-03-21T23:42:04","modified_gmt":"2021-03-21T23:42:04","slug":"leonel-dice-la-fuerza-del-pueblo-sera-el-proximo-partido-en-llegar-al-poder","status":"publish","type":"post","link":"https:\/\/larepublicanews.com.do\/live\/leonel-dice-la-fuerza-del-pueblo-sera-el-proximo-partido-en-llegar-al-poder\/","title":{"rendered":"Leonel dice la Fuerza del Pueblo ser\u00e1 el pr\u00f3ximo partido en llegar al poder"},"content":{"rendered":"<p>El presidente de la Fuerza del Pueblo, Leonel Fern\u00e1ndez, asegur\u00f3 este domingo que la \u00a0pr\u00f3xima organizaci\u00f3n pol\u00edtica que dirigir\u00e1 la naci\u00f3n es el partido que \u00e9l dirige.<\/p>\n<p>Durante la plenaria de clausura del Primer Congreso Profesor Juan Bosch, donde se defini\u00f3 la l\u00ednea organizativa del partido, el expresidente de la Rep\u00fablica, refiri\u00f3 que la Fuerza del Pueblo consolidar\u00e1 la democracia electoral y fomentar\u00e1 la democracia ciudadana.<\/p>\n<p>Mencion\u00f3 varias de las obras p\u00fablicas que fueron construidas en su gobierno, entre ellas el Metro de Santo Domingo, y manifest\u00f3 que \u00a0la Fuerza del Pueblo naci\u00f3 para la transformaci\u00f3n del pa\u00eds,\u00a0proteger, y consolidar un estado social y democr\u00e1tico de derechos.<\/p>\n<p>\u201cPara continuar obras de esta naturaleza, mejorar la calidad de la educaci\u00f3n, seguir fomentando la salida de nuestros j\u00f3venes al exterior para especializarse en distintas universidades extranjeras, el fomento de la cultura, de la ciencia, del conocimiento, para la transformaci\u00f3n\u00a0 de la Rep\u00fablica Dominicana, por eso ha nacido la Fuerza del Pueblo, por eso estamos aqu\u00ed para inaugurar una nueva etapa en la lucha pol\u00edtica de la Rep\u00fablica Dominicana, que implica capacidad, competencia y m\u00e1s transparencia \u201c, expres\u00f3 Fern\u00e1ndez.<\/p>\n<p>Agreg\u00f3 que \u201cla Fuerza del Pueblo no surgi\u00f3 por un capricho, sino por necesidad\u201d, para que el pa\u00eds tenga un partido que defienda\u00a0 los intereses de la naci\u00f3n.<\/p>\n<p>Sobre el acto, donde se present\u00f3 la l\u00ednea organizativa del partido, incluyendo sus estatutos, Fern\u00e1ndez lo defini\u00f3 como un bautismo y calific\u00f3 a la organizaci\u00f3n polic\u00eda como \u00a0democr\u00e1tica y progresista.<\/p>\n<p>\u201cPodemos decir al pa\u00eds y al mundo, que ya existe una organizaci\u00f3n pol\u00edtica que se llama Fuerza del Pueblo, un partido, democr\u00e1tico, progresista y justo\u201d, expres\u00f3.<\/p>\n<p>La actividad se desarroll\u00f3 en el Palacio de los Deportes Virgilio Travieso Soto, y fueron convocados m\u00e1s de siete mil delegados de manera presencial y virtual.<\/p>\n<p>El coordinador del Congreso, Franklin Almeyda, explic\u00f3 que las 17 mesas tem\u00e1ticas establecidas en octubre pasado presentaron 897 propuestas que fueron plasmadas en un libro impreso y tambi\u00e9n de manera digital y con esto se defini\u00f3 el esquema organizacional del partido verde.<\/p>\n<p>En el proceso, inform\u00f3, que de los \u00a07,740 delegados con derecho al voto participaron el 70%.<\/p>\n<p>El secretario general de la Fuerza del Pueblo, Antonio Flori\u00e1n ([Pe\u00f1ita), dijo que con este documento que le dio fuerza organizativa, se disponen a salir a las calles para conducir al pa\u00eds a una segunda ola de transformaciones.<\/p>\n<p>Por: Rosmerys De Le\u00f3n de El Caribe<\/p>\n","protected":false},"excerpt":{"rendered":"<p>El presidente de la Fuerza del Pueblo, Leonel Fern\u00e1ndez, asegur\u00f3 este domingo que la \u00a0pr\u00f3xima organizaci\u00f3n pol\u00edtica que dirigir\u00e1 la naci\u00f3n es el partido que \u00e9l dirige. Durante la plenaria de clausura del Primer Congreso Profesor Juan Bosch, donde se defini\u00f3 la l\u00ednea organizativa del partido, el expresidente de la Rep\u00fablica, refiri\u00f3 que la Fuerza del Pueblo consolidar\u00e1 la democracia electoral y fomentar\u00e1 la democracia ciudadana. Mencion\u00f3 varias de las obras p\u00fablicas que fueron construidas en su gobierno, entre ellas el Metro de Santo Domingo, y manifest\u00f3 que \u00a0la Fuerza&hellip;<\/p>\n","protected":false},"author":2,"featured_media":1528,"comment_status":"open","ping_status":"open","sticky":false,"template":"","format":"standard","meta":{"rop_custom_images_group":[],"rop_custom_messages_group":[],"rop_publish_now":"initial","rop_publish_now_accounts":[],"rop_publish_now_history":[],"rop_publish_now_status":"pending","footnotes":""},"categories":[19,24],"tags":[],"class_list":["post-1527","post","type-post","status-publish","format-standard","has-post-thumbnail","hentry","category-la-fuerza-del-pueblo","category-politica"],"_links":{"self":[{"href":"https:\/\/larepublicanews.com.do\/live\/wp-json\/wp\/v2\/posts\/1527","targetHints":{"allow":["GET"]}}],"collection":[{"href":"https:\/\/larepublicanews.com.do\/live\/wp-json\/wp\/v2\/posts"}],"about":[{"href":"https:\/\/larepublicanews.com.do\/live\/wp-json\/wp\/v2\/types\/post"}],"author":[{"embeddable":true,"href":"https:\/\/larepublicanews.com.do\/live\/wp-json\/wp\/v2\/users\/2"}],"replies":[{"embeddable":true,"href":"https:\/\/larepublicanews.com.do\/live\/wp-json\/wp\/v2\/comments?post=1527"}],"version-history":[{"count":1,"href":"https:\/\/larepublicanews.com.do\/live\/wp-json\/wp\/v2\/posts\/1527\/revisions"}],"predecessor-version":[{"id":1529,"href":"https:\/\/larepublicanews.com.do\/live\/wp-json\/wp\/v2\/posts\/1527\/revisions\/1529"}],"wp:featuredmedia":[{"embeddable":true,"href":"https:\/\/larepublicanews.com.do\/live\/wp-json\/wp\/v2\/media\/1528"}],"wp:attachment":[{"href":"https:\/\/larepublicanews.com.do\/live\/wp-json\/wp\/v2\/media?parent=1527"}],"wp:term":[{"taxonomy":"category","embeddable":true,"href":"https:\/\/larepublicanews.com.do\/live\/wp-json\/wp\/v2\/categories?post=1527"},{"taxonomy":"post_tag","embeddable":true,"href":"https:\/\/larepublicanews.com.do\/live\/wp-json\/wp\/v2\/tags?post=1527"}],"curies":[{"name":"wp","href":"https:\/\/api.w.org\/{rel}","templated":true}]}}