{"id":1518,"date":"2021-03-20T11:29:53","date_gmt":"2021-03-20T11:29:53","guid":{"rendered":"https:\/\/larepublicanews.com.do\/live\/?p=1518"},"modified":"2021-03-20T11:29:53","modified_gmt":"2021-03-20T11:29:53","slug":"gobierno-facilitara-700-millones-para-rescate-de-transportistas-turisticos","status":"publish","type":"post","link":"https:\/\/larepublicanews.com.do\/live\/gobierno-facilitara-700-millones-para-rescate-de-transportistas-turisticos\/","title":{"rendered":"Gobierno facilitar\u00e1 700 millones para rescate de transportistas tur\u00edsticos"},"content":{"rendered":"<div class=\"paragraph\">\n<p>El presidente\u00a0<b>Luis Abinader\u00a0<\/b>incluy\u00f3 en su agenda de este viernes en Punta Cana, provincia La Altagracia, una reuni\u00f3n con el sector del<b>\u00a0transporte tur\u00edstico privado<\/b>, que amenazaba con parar sus labores este s\u00e1bado en demanda de auxilio estatal para solventar dificultades financieras al no poder pagar sus pr\u00e9stamos.<\/p>\n<p>Seg\u00fan explic\u00f3 Cipriano Bencosme, presidente de la Asociaci\u00f3n Dominicana de Transporte Tur\u00edstico (Adotratur), el pr\u00f3ximo mi\u00e9rcoles el mandatario recibir\u00e1 un borrador del proyecto de rescate de esas empresas con un monto de 700 millones de pesos del Banco de Reservas para pr\u00e9stamos blandos.<\/p>\n<p>El d\u00eda anterior, los transportistas se reunir\u00e1n con Samuel Pereyra, administrador de Banreservas, para ultimar detalles. Los fondos ser\u00edan canalizados a trav\u00e9s del Ministerio de Turismo.<\/p>\n<div class=\"in-content-info 3 0\"><\/div>\n<div class=\"in-content\"><\/div>\n<\/div>\n<div class=\"Nota_incrustada BI24975994\">\n<div class=\"mb-2 pt-2 pb-3 img-title-info h-xs-auto bg-transparent nota-inclustada-generica\">\n<blockquote><p><span class=\"sup_title\">TE PUEDE INTERESAR<\/span><\/p>\n<h3 class=\"mx-2\"><span class=\"priority-content\">Gobierno vuelve a citar a Uber y al Intrant por conflicto en zona tur\u00edstica<\/span><\/h3>\n<\/blockquote>\n<\/div>\n<\/div>\n<div class=\"Nota_incrustada JC19280898\">\n<div class=\"mb-2 pt-2 pb-3 img-title-info h-xs-auto bg-transparent nota-inclustada-generica\">\n<blockquote>\n<h3 class=\"mx-2\"><span class=\"priority-content\">Transportistas tur\u00edsticos advierten que se encuentran a la puerta de la quiebra<\/span><\/h3>\n<\/blockquote>\n<\/div>\n<\/div>\n<div class=\"paragraph\">\n<p>El<b>\u00a0prop\u00f3sito ser\u00e1 que estos conductores no pierdan sus flotillas, incautadas por entidades financieras<\/b>. Bencosme dijo que esas entidades solo se comunican con ellos mediante actos de alguacil, con intimaciones de pagos.<\/p>\n<div class=\"in-content-info w-100 blueconic-content 4 0\"><\/div>\n<p>Las cuotas presentan atrasos desde el a\u00f1o 2019, cuando el turismo dominicano sufri\u00f3 un rev\u00e9s a causa de la muerte de varios extranjeros en el pa\u00eds. Situaci\u00f3n que se agrav\u00f3 con el cierre de las operaciones por la pandemia, y que no han recuperado a pesar de la recuperaci\u00f3n paulatina de la entrada de extranjeros de los \u00faltimos meses.<\/p>\n<p>El mandatario agot\u00f3 este viernes una intensa agenda en la regi\u00f3n este, que incluy\u00f3 la entrada de la remozada playa Macao, encuentros con el sector tur\u00edstico, y con los transportistas privados.<\/p>\n<p>All\u00ed dijo que en Rep\u00fablica Dominicana se puede afirmar que empez\u00f3 la recuperaci\u00f3n del sector turismo y que en esa \u00e1rea se han recuperado m\u00e1s de 40 mil empleos.<\/p>\n<p>\u201cPorque el objetivo del gobierno principalmente es uno, creaci\u00f3n de empleos; dos, creaci\u00f3n de empleos y tres, creaci\u00f3n de empleos\u201d, expres\u00f3 el mandatario.<\/p>\n<p>Estas \u00faltimas declaraciones fueron ofrecidas durante una rueda de prensa donde se refiri\u00f3 sobre la proyecci\u00f3n del turismo en la Rep\u00fablica Dominica y reproducidas en una nota de prensa por la Presidencia.<\/p>\n<p>Abinader tambi\u00e9n fue testigo de la firma de un \u201cmemor\u00e1ndum de entendimiento\u201d entre taxistas de la zona tur\u00edstica, Uber y el Instituto Nacional de Tr\u00e1nsito y Transporte Terrestre (Intrant), que busca poner fin a los constantes conflictos que suceden por el control de la zona.<\/p>\n<p>Por: Diario Libre<\/p>\n<\/div>\n","protected":false},"excerpt":{"rendered":"<p>El presidente\u00a0Luis Abinader\u00a0incluy\u00f3 en su agenda de este viernes en Punta Cana, provincia La Altagracia, una reuni\u00f3n con el sector del\u00a0transporte tur\u00edstico privado, que amenazaba con parar sus labores este s\u00e1bado en demanda de auxilio estatal para solventar dificultades financieras al no poder pagar sus pr\u00e9stamos. Seg\u00fan explic\u00f3 Cipriano Bencosme, presidente de la Asociaci\u00f3n Dominicana de Transporte Tur\u00edstico (Adotratur), el pr\u00f3ximo mi\u00e9rcoles el mandatario recibir\u00e1 un borrador del proyecto de rescate de esas empresas con un monto de 700 millones de pesos del Banco de Reservas para pr\u00e9stamos blandos. El&hellip;<\/p>\n","protected":false},"author":2,"featured_media":1525,"comment_status":"open","ping_status":"open","sticky":false,"template":"","format":"standard","meta":{"rop_custom_images_group":[],"rop_custom_messages_group":[],"rop_publish_now":"initial","rop_publish_now_accounts":[],"rop_publish_now_history":[],"rop_publish_now_status":"pending","footnotes":""},"categories":[53],"tags":[],"class_list":["post-1518","post","type-post","status-publish","format-standard","has-post-thumbnail","hentry","category-turismo"],"_links":{"self":[{"href":"https:\/\/larepublicanews.com.do\/live\/wp-json\/wp\/v2\/posts\/1518","targetHints":{"allow":["GET"]}}],"collection":[{"href":"https:\/\/larepublicanews.com.do\/live\/wp-json\/wp\/v2\/posts"}],"about":[{"href":"https:\/\/larepublicanews.com.do\/live\/wp-json\/wp\/v2\/types\/post"}],"author":[{"embeddable":true,"href":"https:\/\/larepublicanews.com.do\/live\/wp-json\/wp\/v2\/users\/2"}],"replies":[{"embeddable":true,"href":"https:\/\/larepublicanews.com.do\/live\/wp-json\/wp\/v2\/comments?post=1518"}],"version-history":[{"count":1,"href":"https:\/\/larepublicanews.com.do\/live\/wp-json\/wp\/v2\/posts\/1518\/revisions"}],"predecessor-version":[{"id":1526,"href":"https:\/\/larepublicanews.com.do\/live\/wp-json\/wp\/v2\/posts\/1518\/revisions\/1526"}],"wp:featuredmedia":[{"embeddable":true,"href":"https:\/\/larepublicanews.com.do\/live\/wp-json\/wp\/v2\/media\/1525"}],"wp:attachment":[{"href":"https:\/\/larepublicanews.com.do\/live\/wp-json\/wp\/v2\/media?parent=1518"}],"wp:term":[{"taxonomy":"category","embeddable":true,"href":"https:\/\/larepublicanews.com.do\/live\/wp-json\/wp\/v2\/categories?post=1518"},{"taxonomy":"post_tag","embeddable":true,"href":"https:\/\/larepublicanews.com.do\/live\/wp-json\/wp\/v2\/tags?post=1518"}],"curies":[{"name":"wp","href":"https:\/\/api.w.org\/{rel}","templated":true}]}}