{"id":1517,"date":"2021-03-20T11:26:52","date_gmt":"2021-03-20T11:26:52","guid":{"rendered":"https:\/\/larepublicanews.com.do\/live\/?p=1517"},"modified":"2021-03-20T11:26:52","modified_gmt":"2021-03-20T11:26:52","slug":"vin-diesel-filma-en-republica-dominicana","status":"publish","type":"post","link":"https:\/\/larepublicanews.com.do\/live\/vin-diesel-filma-en-republica-dominicana\/","title":{"rendered":"\u00a1Vin Diesel filma en Rep\u00fablica Dominicana!"},"content":{"rendered":"<p>El famoso actor estadounidense\u00a0<b>Vin Diesel<\/b>\u00a0es otra de las figuras de Hollywood que est\u00e1 grabando en suelo dominicano.<\/p>\n<p>El propio actor comparti\u00f3 una fotograf\u00eda junto al equipo de<b>\u00a0t\u00e9cnicos dominicanos<\/b>\u00a0que lo acompa\u00f1a durante la filmaci\u00f3n, entre ellos, los cineastas\u00a0<b>Ernesto Alemany y Pedro Catrain.<\/b><\/p>\n<p>Se atribuye que estas grabaciones son de la pel\u00edcula<i>\u00a0Fast and Furious 9<\/i>, de la que varias escenas fueron rodadas en la zona tur\u00edstica de Cap Cana, al este del pa\u00eds.<\/p>\n<div class=\"in-content-info 3 0\"><\/div>\n<div class=\"in-content\"><\/div>\n<p>\u201cGran semana de rodaje con mi equipo dominicano. \u00a1Gracias por todo mi gente! Todo amor, siempre. #Fast9 # Paternidad # Summer2021\u201d, escribi\u00f3 Diesel en su cuenta de Instagram agradecido del cari\u00f1o de los dominicanos.<\/p>\n<div class=\"in-content-info w-100 blueconic-content 4 0\"><\/div>\n<p>Vin Diesel es un asiduo visitante de Rep\u00fablica Dominicana desde hace m\u00e1s de 10 a\u00f1os. Es normal verlo caminando por distintas zonas con toda libertad y felicidad.<\/p>\n<p>En enero pasado, el actor y productor de cine estadounidense se reuni\u00f3 con el presidente\u00a0<b>Luis Abinader<\/b>, en la provincia de Puerto Plata. El encuentro se produjo en el municipio de Luper\u00f3n, donde el mandatario acudi\u00f3 a una reuni\u00f3n con inversionistas tur\u00edsticos.<\/p>\n<p>En ese momento, el actor, quien acostumbra visitar el pa\u00eds caribe\u00f1o, fue visto en las redes sociales en una fotograf\u00eda junto a Abinader; el ministro de Turismo, David Collado, y el Administrativo de la Presidencia, Jos\u00e9 Paliza, nativo de Puerto Plata.<\/p>\n<p>Vin, de 53 a\u00f1os, naci\u00f3 en California pero se cri\u00f3 en Nueva York y es muy dado a presumir de que habla \u2018algo de espa\u00f1ol\u2019, debido a sus muchos contactos en esa urbe.<\/p>\n<p>Aunque ha interpretado variadas pel\u00edculas de acci\u00f3n, su fama se la debe a su personaje de \u2018Dominic Toretto\u2019 en R\u00e1pidos y Furiosos, cuya novena cinta se estrenar\u00e1 en los cines este 2021, seg\u00fan anuncio el propio actor.<\/p>\n<p>Por: Diario Libre<\/p>\n","protected":false},"excerpt":{"rendered":"<p>El famoso actor estadounidense\u00a0Vin Diesel\u00a0es otra de las figuras de Hollywood que est\u00e1 grabando en suelo dominicano. El propio actor comparti\u00f3 una fotograf\u00eda junto al equipo de\u00a0t\u00e9cnicos dominicanos\u00a0que lo acompa\u00f1a durante la filmaci\u00f3n, entre ellos, los cineastas\u00a0Ernesto Alemany y Pedro Catrain. Se atribuye que estas grabaciones son de la pel\u00edcula\u00a0Fast and Furious 9, de la que varias escenas fueron rodadas en la zona tur\u00edstica de Cap Cana, al este del pa\u00eds. \u201cGran semana de rodaje con mi equipo dominicano. \u00a1Gracias por todo mi gente! Todo amor, siempre. #Fast9 # Paternidad&hellip;<\/p>\n","protected":false},"author":2,"featured_media":1523,"comment_status":"open","ping_status":"open","sticky":false,"template":"","format":"standard","meta":{"rop_custom_images_group":[],"rop_custom_messages_group":[],"rop_publish_now":"initial","rop_publish_now_accounts":[],"rop_publish_now_history":[],"rop_publish_now_status":"pending","footnotes":""},"categories":[13],"tags":[],"class_list":["post-1517","post","type-post","status-publish","format-standard","has-post-thumbnail","hentry","category-entretenimiento"],"_links":{"self":[{"href":"https:\/\/larepublicanews.com.do\/live\/wp-json\/wp\/v2\/posts\/1517","targetHints":{"allow":["GET"]}}],"collection":[{"href":"https:\/\/larepublicanews.com.do\/live\/wp-json\/wp\/v2\/posts"}],"about":[{"href":"https:\/\/larepublicanews.com.do\/live\/wp-json\/wp\/v2\/types\/post"}],"author":[{"embeddable":true,"href":"https:\/\/larepublicanews.com.do\/live\/wp-json\/wp\/v2\/users\/2"}],"replies":[{"embeddable":true,"href":"https:\/\/larepublicanews.com.do\/live\/wp-json\/wp\/v2\/comments?post=1517"}],"version-history":[{"count":1,"href":"https:\/\/larepublicanews.com.do\/live\/wp-json\/wp\/v2\/posts\/1517\/revisions"}],"predecessor-version":[{"id":1524,"href":"https:\/\/larepublicanews.com.do\/live\/wp-json\/wp\/v2\/posts\/1517\/revisions\/1524"}],"wp:featuredmedia":[{"embeddable":true,"href":"https:\/\/larepublicanews.com.do\/live\/wp-json\/wp\/v2\/media\/1523"}],"wp:attachment":[{"href":"https:\/\/larepublicanews.com.do\/live\/wp-json\/wp\/v2\/media?parent=1517"}],"wp:term":[{"taxonomy":"category","embeddable":true,"href":"https:\/\/larepublicanews.com.do\/live\/wp-json\/wp\/v2\/categories?post=1517"},{"taxonomy":"post_tag","embeddable":true,"href":"https:\/\/larepublicanews.com.do\/live\/wp-json\/wp\/v2\/tags?post=1517"}],"curies":[{"name":"wp","href":"https:\/\/api.w.org\/{rel}","templated":true}]}}