{"id":1505,"date":"2021-03-19T18:21:55","date_gmt":"2021-03-19T18:21:55","guid":{"rendered":"https:\/\/larepublicanews.com.do\/live\/?p=1505"},"modified":"2021-03-19T18:21:55","modified_gmt":"2021-03-19T18:21:55","slug":"instagram-estudia-crear-una-version-para-ninos-menores-de-13-anos","status":"publish","type":"post","link":"https:\/\/larepublicanews.com.do\/live\/instagram-estudia-crear-una-version-para-ninos-menores-de-13-anos\/","title":{"rendered":"Instagram estudia crear una versi\u00f3n para ni\u00f1os menores de 13 a\u00f1os"},"content":{"rendered":"<p>La red social de fotograf\u00edas Instagram (propiedad de Facebook) est\u00e1 estudiando crear una versi\u00f3n adaptada para ni\u00f1os menores de 13 a\u00f1os, seg\u00fan public\u00f3 este viernes la prensa estadounidense y confirm\u00f3 el jefe de la plataforma, Adam Mosseri.<\/p>\n<p>\u201cCada vez es m\u00e1s com\u00fan que los ni\u00f1os pidan a sus padres unirse a aplicaciones que les ayuden a mantenerse en contacto con sus amigos\u201d, escribi\u00f3 Mosseri en su cuenta de Twitter tras la informaci\u00f3n publicada en primer lugar por el portal de noticias BuzzFeed. \u201cEstamos explorando la creaci\u00f3n de una versi\u00f3n de Instagram en que los padres mantengan el control, al estilo de lo que hicimos con Messenger Kids (tambi\u00e9n propiedad de Facebook).<\/p>\n<p>Compartiremos m\u00e1s informaci\u00f3n a medida que el proyecto avance\u201d, apunt\u00f3. Las normas actuales de la plataforma para compartir fotograf\u00edas proh\u00edben las cuentas a los menores de 13 a\u00f1os, por lo que de salir adelante, el nuevo producto les abrir\u00eda a un p\u00fablico completamente nuevo.<\/p>\n<p>En caso de materializarse, la apuesta vendr\u00eda con toda probabilidad acompa\u00f1ada de pol\u00e9mica, puesto que el uso de las redes sociales por parte de los m\u00e1s j\u00f3venes y los posibles efectos tanto psicol\u00f3gicos como en la socializaci\u00f3n de estos es objeto de intensa discusi\u00f3n.<\/p>\n<p>Seg\u00fan explic\u00f3 en una entrevista con Efe el especialista en tecnolog\u00eda e interacciones Josh Constine, el uso generalizado de las redes entre los ni\u00f1os tiene impactos positivos como el mayor acceso a la informaci\u00f3n, pero plantea serias dudas en su desarrollo personal.<\/p>\n<p>\u201cCreo que es muy triste ver a una ni\u00f1a de once o doce a\u00f1os agonizar pensando cu\u00e1l es la fotograf\u00eda de perfil en la que sale m\u00e1s guapa. Los ni\u00f1os no deber\u00edan tener que preocuparse por este tipo de presiones sociales que afectan a los adultos\u201d, explic\u00f3.<br \/>\nDe acuerdo con una encuesta llevada a cabo por Common Sense Media en EE.UU., en 2016 la mitad de los ni\u00f1os de 12 a\u00f1os ten\u00edan una cuenta en por lo menos una red social, una cifra que se reduc\u00eda a uno de cada cuatro en el caso de los menores entre 8 y 12 a\u00f1os. EFE<\/p>\n<p>Por: El Nacional<\/p>\n","protected":false},"excerpt":{"rendered":"<p>La red social de fotograf\u00edas Instagram (propiedad de Facebook) est\u00e1 estudiando crear una versi\u00f3n adaptada para ni\u00f1os menores de 13 a\u00f1os, seg\u00fan public\u00f3 este viernes la prensa estadounidense y confirm\u00f3 el jefe de la plataforma, Adam Mosseri. \u201cCada vez es m\u00e1s com\u00fan que los ni\u00f1os pidan a sus padres unirse a aplicaciones que les ayuden a mantenerse en contacto con sus amigos\u201d, escribi\u00f3 Mosseri en su cuenta de Twitter tras la informaci\u00f3n publicada en primer lugar por el portal de noticias BuzzFeed. \u201cEstamos explorando la creaci\u00f3n de una versi\u00f3n de&hellip;<\/p>\n","protected":false},"author":2,"featured_media":1509,"comment_status":"open","ping_status":"open","sticky":false,"template":"","format":"standard","meta":{"rop_custom_images_group":[],"rop_custom_messages_group":[],"rop_publish_now":"initial","rop_publish_now_accounts":[],"rop_publish_now_history":[],"rop_publish_now_status":"pending","footnotes":""},"categories":[22,30],"tags":[],"class_list":["post-1505","post","type-post","status-publish","format-standard","has-post-thumbnail","hentry","category-noticia","category-tech"],"_links":{"self":[{"href":"https:\/\/larepublicanews.com.do\/live\/wp-json\/wp\/v2\/posts\/1505","targetHints":{"allow":["GET"]}}],"collection":[{"href":"https:\/\/larepublicanews.com.do\/live\/wp-json\/wp\/v2\/posts"}],"about":[{"href":"https:\/\/larepublicanews.com.do\/live\/wp-json\/wp\/v2\/types\/post"}],"author":[{"embeddable":true,"href":"https:\/\/larepublicanews.com.do\/live\/wp-json\/wp\/v2\/users\/2"}],"replies":[{"embeddable":true,"href":"https:\/\/larepublicanews.com.do\/live\/wp-json\/wp\/v2\/comments?post=1505"}],"version-history":[{"count":1,"href":"https:\/\/larepublicanews.com.do\/live\/wp-json\/wp\/v2\/posts\/1505\/revisions"}],"predecessor-version":[{"id":1510,"href":"https:\/\/larepublicanews.com.do\/live\/wp-json\/wp\/v2\/posts\/1505\/revisions\/1510"}],"wp:featuredmedia":[{"embeddable":true,"href":"https:\/\/larepublicanews.com.do\/live\/wp-json\/wp\/v2\/media\/1509"}],"wp:attachment":[{"href":"https:\/\/larepublicanews.com.do\/live\/wp-json\/wp\/v2\/media?parent=1505"}],"wp:term":[{"taxonomy":"category","embeddable":true,"href":"https:\/\/larepublicanews.com.do\/live\/wp-json\/wp\/v2\/categories?post=1505"},{"taxonomy":"post_tag","embeddable":true,"href":"https:\/\/larepublicanews.com.do\/live\/wp-json\/wp\/v2\/tags?post=1505"}],"curies":[{"name":"wp","href":"https:\/\/api.w.org\/{rel}","templated":true}]}}