{"id":1495,"date":"2021-03-19T11:26:06","date_gmt":"2021-03-19T11:26:06","guid":{"rendered":"https:\/\/larepublicanews.com.do\/live\/?p=1495"},"modified":"2021-03-19T11:26:06","modified_gmt":"2021-03-19T11:26:06","slug":"interrogan-en-la-pepca-a-amarante-baret","status":"publish","type":"post","link":"https:\/\/larepublicanews.com.do\/live\/interrogan-en-la-pepca-a-amarante-baret\/","title":{"rendered":"Interrogan en la Pepca a Amarante Baret"},"content":{"rendered":"<p><strong>El exfuncionario fue cuestionado sobre su gesti\u00f3n en el Minerd<\/strong><\/p>\n<p>La Procurar\u00eda Especializada de Persecuci\u00f3n de la Corrupci\u00f3n Administrativa (Pepca) interrog\u00f3 ayer a Carlos Amarante Baret, exministro de Educaci\u00f3n y alto dirigente del Partido de la Liberaci\u00f3n Dominicana (PLD), donde fue interrogado por cinco horas.<\/p>\n<p>El exfuncionario acudi\u00f3 en la ma\u00f1ana a la sede de la Procuradur\u00eda General de la Rep\u00fablica (PGR), donde fue cuestionado por fiscales anticorrupci\u00f3n.<\/p>\n<p>Al salir de su cita con el Ministerio P\u00fablico, Amarante Baret, que adem\u00e1s es miembro del Comit\u00e9 Pol\u00edtico pelede\u00edsta, manifest\u00f3 que acudi\u00f3 a responder a interrogantes con relaci\u00f3n a su desempe\u00f1o en el Ministerio de Educaci\u00f3n, durante su periodo de 2013 al 2016.<\/p>\n<p>Pese a que el dirigente pol\u00edtico no refiri\u00f3 fecha, dijo que tiene que volver para continuar con el interrogatorio, que podr\u00eda versar sobre el mismo asunto.<br \/>\n\u201cHemos venido para responder cualquier inquietud sobre nuestra gesti\u00f3n en Educaci\u00f3n\u201d, expres\u00f3.<\/p>\n<p>Amarante Baret pasa a la lista de altos exfuncionarios del pasado gobierno de Danilo Medina, que han sido interrogados sobre la administraci\u00f3n de recursos en su paso en por el Estado.<\/p>\n<p>Otros funcionarios de la pasada administraci\u00f3n que han sido citados por la Pepca son Donald Guerrero, exministro de Hacienda; Sim\u00f3n Lizardo, exadministrador del Banco de Reservas, y Diandino Pe\u00f1a, exdirector de la Oficina para el Reordenamiento del Transporte (Opret).<br \/>\nEn esa lista tambi\u00e9n est\u00e1n el diputado Radham\u00e9s Camacho y Luc\u00eda Medina, expresidenta de la C\u00e1mara de Diputados y hermana el expresidente Medina.<\/p>\n<p>Por: Hoy<\/p>\n","protected":false},"excerpt":{"rendered":"<p>El exfuncionario fue cuestionado sobre su gesti\u00f3n en el Minerd La Procurar\u00eda Especializada de Persecuci\u00f3n de la Corrupci\u00f3n Administrativa (Pepca) interrog\u00f3 ayer a Carlos Amarante Baret, exministro de Educaci\u00f3n y alto dirigente del Partido de la Liberaci\u00f3n Dominicana (PLD), donde fue interrogado por cinco horas. El exfuncionario acudi\u00f3 en la ma\u00f1ana a la sede de la Procuradur\u00eda General de la Rep\u00fablica (PGR), donde fue cuestionado por fiscales anticorrupci\u00f3n. Al salir de su cita con el Ministerio P\u00fablico, Amarante Baret, que adem\u00e1s es miembro del Comit\u00e9 Pol\u00edtico pelede\u00edsta, manifest\u00f3 que acudi\u00f3&hellip;<\/p>\n","protected":false},"author":2,"featured_media":1503,"comment_status":"open","ping_status":"open","sticky":false,"template":"","format":"standard","meta":{"rop_custom_images_group":[],"rop_custom_messages_group":[],"rop_publish_now":"initial","rop_publish_now_accounts":[],"rop_publish_now_history":[],"rop_publish_now_status":"pending","footnotes":""},"categories":[48,24],"tags":[],"class_list":["post-1495","post","type-post","status-publish","format-standard","has-post-thumbnail","hentry","category-corrupcion","category-politica"],"_links":{"self":[{"href":"https:\/\/larepublicanews.com.do\/live\/wp-json\/wp\/v2\/posts\/1495","targetHints":{"allow":["GET"]}}],"collection":[{"href":"https:\/\/larepublicanews.com.do\/live\/wp-json\/wp\/v2\/posts"}],"about":[{"href":"https:\/\/larepublicanews.com.do\/live\/wp-json\/wp\/v2\/types\/post"}],"author":[{"embeddable":true,"href":"https:\/\/larepublicanews.com.do\/live\/wp-json\/wp\/v2\/users\/2"}],"replies":[{"embeddable":true,"href":"https:\/\/larepublicanews.com.do\/live\/wp-json\/wp\/v2\/comments?post=1495"}],"version-history":[{"count":1,"href":"https:\/\/larepublicanews.com.do\/live\/wp-json\/wp\/v2\/posts\/1495\/revisions"}],"predecessor-version":[{"id":1504,"href":"https:\/\/larepublicanews.com.do\/live\/wp-json\/wp\/v2\/posts\/1495\/revisions\/1504"}],"wp:featuredmedia":[{"embeddable":true,"href":"https:\/\/larepublicanews.com.do\/live\/wp-json\/wp\/v2\/media\/1503"}],"wp:attachment":[{"href":"https:\/\/larepublicanews.com.do\/live\/wp-json\/wp\/v2\/media?parent=1495"}],"wp:term":[{"taxonomy":"category","embeddable":true,"href":"https:\/\/larepublicanews.com.do\/live\/wp-json\/wp\/v2\/categories?post=1495"},{"taxonomy":"post_tag","embeddable":true,"href":"https:\/\/larepublicanews.com.do\/live\/wp-json\/wp\/v2\/tags?post=1495"}],"curies":[{"name":"wp","href":"https:\/\/api.w.org\/{rel}","templated":true}]}}