{"id":1494,"date":"2021-03-19T11:23:39","date_gmt":"2021-03-19T11:23:39","guid":{"rendered":"https:\/\/larepublicanews.com.do\/live\/?p=1494"},"modified":"2021-03-19T11:23:39","modified_gmt":"2021-03-19T11:23:39","slug":"putin-le-desea-buena-salud-a-biden-quien-lo-llamo-asesino","status":"publish","type":"post","link":"https:\/\/larepublicanews.com.do\/live\/putin-le-desea-buena-salud-a-biden-quien-lo-llamo-asesino\/","title":{"rendered":"Putin le desea \u201cbuena salud\u201d a Biden, quien lo llam\u00f3 \u201casesino\u201d"},"content":{"rendered":"<p><strong>Las relaciones de EU y Mosc\u00fa se han tensados en los \u00faltimos d\u00edas<\/strong><\/p>\n<p>El presidente de Rusia, Vlad\u00edmir Putin, respondi\u00f3 ayer, jueves, con deseos de \u201cbuena salud\u201d al ataque personal de su hom\u00f3logo estadounidense, Joe Biden, quien dijo que le consideraba un asesino, en una entrevista televisada que ha puesto al rojo vivo las relaciones entre Mosc\u00fa y Washington.<\/p>\n<p>\u201cEn cuanto a las declaraciones de mi colega estadounidense, nosotros, como \u00e9l dijo, nos conocemos personalmente. \u00bfQu\u00e9 le contestar\u00eda? Yo le dir\u00eda- \u2018Tenga buena salud\u2019. Le deseo buena salud\u201d, dijo Putin en una videoconferencia con representantes de la sociedad de Crimea, transmitida por la televisi\u00f3n estatal.<\/p>\n<p>El jefe del Kremlin a\u00f1adi\u00f3 acto seguido que dec\u00eda esto \u201csin iron\u00eda y no en broma\u201d acerca de Biden, de 78 a\u00f1os.<\/p>\n<p>El mandatario no se reserv\u00f3 ning\u00fan dardo y record\u00f3 que cuando \u00e9l era ni\u00f1o en las discusiones en el patio se sol\u00eda decir- \u201cEl que lo dice, lo es\u201d, en alusi\u00f3n al peligro que tiene el uso de determinados calificativos, en este caso el de asesino.<\/p>\n<p>\u201cEn la historia de cada pueblo, de cada Estado, hay muchos acontecimientos duros, dram\u00e1ticos y sangrientos. Pero cuando valoramos a otras personas o a otros Estados o a otros pueblos, es como si nos mir\u00e1semos en un espejo. Siempre nos vemos a nosotros mismos\u201d, apunt\u00f3 en tono condescendiente.<\/p>\n<p>Este mi\u00e9rcoles, en una primera reacci\u00f3n a las declaraciones de Biden, Rusia llam\u00f3 a consultas a su embajador en Washington, Anatoli Ant\u00f3nov, \u201ccon el fin de analizar qu\u00e9 hacer y en qu\u00e9 direcci\u00f3n avanzar en el contexto de las relaciones con EEUU\u00bb.<\/p>\n<p>El embajador llegar\u00e1 este s\u00e1bado y permanecer\u00e1 en la capital lo que haga falta para determinar el siguiente paso de Mosc\u00fa.<\/p>\n<p>El Kremlin calific\u00f3 hoy de \u201cmuy malas\u201d las relaciones entre ambos pa\u00edses, pero Putin dej\u00f3 claro que la Casa Blanca, quiera o no, tendr\u00e1 que tener en cuenta los intereses de Rusia.<\/p>\n<p>Por: Hoy<\/p>\n","protected":false},"excerpt":{"rendered":"<p>Las relaciones de EU y Mosc\u00fa se han tensados en los \u00faltimos d\u00edas El presidente de Rusia, Vlad\u00edmir Putin, respondi\u00f3 ayer, jueves, con deseos de \u201cbuena salud\u201d al ataque personal de su hom\u00f3logo estadounidense, Joe Biden, quien dijo que le consideraba un asesino, en una entrevista televisada que ha puesto al rojo vivo las relaciones entre Mosc\u00fa y Washington. \u201cEn cuanto a las declaraciones de mi colega estadounidense, nosotros, como \u00e9l dijo, nos conocemos personalmente. \u00bfQu\u00e9 le contestar\u00eda? Yo le dir\u00eda- \u2018Tenga buena salud\u2019. Le deseo buena salud\u201d, dijo Putin&hellip;<\/p>\n","protected":false},"author":2,"featured_media":1501,"comment_status":"open","ping_status":"open","sticky":false,"template":"","format":"standard","meta":{"rop_custom_images_group":[],"rop_custom_messages_group":[],"rop_publish_now":"initial","rop_publish_now_accounts":[],"rop_publish_now_history":[],"rop_publish_now_status":"pending","footnotes":""},"categories":[60],"tags":[],"class_list":["post-1494","post","type-post","status-publish","format-standard","has-post-thumbnail","hentry","category-internacional"],"_links":{"self":[{"href":"https:\/\/larepublicanews.com.do\/live\/wp-json\/wp\/v2\/posts\/1494","targetHints":{"allow":["GET"]}}],"collection":[{"href":"https:\/\/larepublicanews.com.do\/live\/wp-json\/wp\/v2\/posts"}],"about":[{"href":"https:\/\/larepublicanews.com.do\/live\/wp-json\/wp\/v2\/types\/post"}],"author":[{"embeddable":true,"href":"https:\/\/larepublicanews.com.do\/live\/wp-json\/wp\/v2\/users\/2"}],"replies":[{"embeddable":true,"href":"https:\/\/larepublicanews.com.do\/live\/wp-json\/wp\/v2\/comments?post=1494"}],"version-history":[{"count":1,"href":"https:\/\/larepublicanews.com.do\/live\/wp-json\/wp\/v2\/posts\/1494\/revisions"}],"predecessor-version":[{"id":1502,"href":"https:\/\/larepublicanews.com.do\/live\/wp-json\/wp\/v2\/posts\/1494\/revisions\/1502"}],"wp:featuredmedia":[{"embeddable":true,"href":"https:\/\/larepublicanews.com.do\/live\/wp-json\/wp\/v2\/media\/1501"}],"wp:attachment":[{"href":"https:\/\/larepublicanews.com.do\/live\/wp-json\/wp\/v2\/media?parent=1494"}],"wp:term":[{"taxonomy":"category","embeddable":true,"href":"https:\/\/larepublicanews.com.do\/live\/wp-json\/wp\/v2\/categories?post=1494"},{"taxonomy":"post_tag","embeddable":true,"href":"https:\/\/larepublicanews.com.do\/live\/wp-json\/wp\/v2\/tags?post=1494"}],"curies":[{"name":"wp","href":"https:\/\/api.w.org\/{rel}","templated":true}]}}