{"id":1490,"date":"2021-03-19T11:16:10","date_gmt":"2021-03-19T11:16:10","guid":{"rendered":"https:\/\/larepublicanews.com.do\/live\/?p=1490"},"modified":"2021-03-19T11:16:10","modified_gmt":"2021-03-19T11:16:10","slug":"mets-carrasco-sufre-tiron-muscular-se-perderia-inicio","status":"publish","type":"post","link":"https:\/\/larepublicanews.com.do\/live\/mets-carrasco-sufre-tiron-muscular-se-perderia-inicio\/","title":{"rendered":"Mets: Carrasco sufre tir\u00f3n muscular, se perder\u00eda inicio"},"content":{"rendered":"<p>Florida, EE.UU. (AP).- El nuevo lanzador de los Mets Carlos Carrasco sufri\u00f3 un tir\u00f3n muscular en la pierna derecha tras lanzar una entrada en la pr\u00e1ctica de bateo el jueves y se teme que el derecho venezolano podr\u00eda perderse el inicio de la temporada. Los Mets quedaron a la espera de los resultados de la resonancia magn\u00e9tica para saber cu\u00e1nto tiempo estar\u00e1 fuera.<\/p>\n<p>\u201cEstaba haciendo una carrera corta y sinti\u00f3 un jal\u00f3n\u201d, dijo el m\u00e1nager Luis Rojas, quien indic\u00f3 que habl\u00f3 con Carrasco mientras el pitcher estaba acostado boca abajo en la sala de entrenamiento. Carrasco cumple 34 a\u00f1os el domingo.<\/p>\n<p>A\u00fan no hab\u00eda debutado en los juegos de exhibici\u00f3n este a\u00f1o. Nueva York inicia la temporada el 1 de abril ante Washington.<\/p>\n<p>Carrasco estaba programado para ser parte de la rotaci\u00f3n con Jacob deGrom (dos veces ganador del Cy Young), Marcus Stroman, Taijuan Walker y David Peterson.<\/p>\n<p>Rojas indic\u00f3 que el zurdo Joey Lucchesi y Jordan Yamamoto son candidatos para quedar de quinto abridor junto a un tr\u00edo de pitchers que no est\u00e1n en el roster: Jerad Eickhoff, Corey Oswalt y el zurdo Mike Montgomery.<\/p>\n<p>\u201cTenemos una buena profundidad\u201d, admiti\u00f3 Rojas. \u201cTenemos muchos chicos que pueden venir y asumir la quinta posici\u00f3n\u201d.<\/p>\n<p>Carrasco est\u00e1 en remisi\u00f3n de leucemia y fue vacunado por el coronavirus, por lo que inici\u00f3 los entrenamientos de primavera detr\u00e1s de otros jugadores. Posteriormente dej\u00f3 de lanzar debido a una dolencia en el codo.<\/p>\n<p>Carrasco fue canjeado por Cleveland junto al estelar campocorto Francisco Lindor el 7 de enero a cambio de dos infielders: el venezolano Andr\u00e9s Gim\u00e9nez y el dominicano Ahmed Rosario, as\u00ed como dos prospectos de ligas menores: el derecho Josh Wolf y el jardinero Isaiah Green.<\/p>\n<p>El pitcher se perdi\u00f3 tres meses en el 2019 debido a la leucemia. Lanz\u00f3 durante la pasada temporada de pandemia y termin\u00f3 3-4 con 12 aperturas y una efectividad de 2.91.<\/p>\n<p>Por: El Nacional<\/p>\n","protected":false},"excerpt":{"rendered":"<p>Florida, EE.UU. (AP).- El nuevo lanzador de los Mets Carlos Carrasco sufri\u00f3 un tir\u00f3n muscular en la pierna derecha tras lanzar una entrada en la pr\u00e1ctica de bateo el jueves y se teme que el derecho venezolano podr\u00eda perderse el inicio de la temporada. Los Mets quedaron a la espera de los resultados de la resonancia magn\u00e9tica para saber cu\u00e1nto tiempo estar\u00e1 fuera. \u201cEstaba haciendo una carrera corta y sinti\u00f3 un jal\u00f3n\u201d, dijo el m\u00e1nager Luis Rojas, quien indic\u00f3 que habl\u00f3 con Carrasco mientras el pitcher estaba acostado boca abajo&hellip;<\/p>\n","protected":false},"author":2,"featured_media":1496,"comment_status":"open","ping_status":"open","sticky":false,"template":"","format":"standard","meta":{"rop_custom_images_group":[],"rop_custom_messages_group":[],"rop_publish_now":"initial","rop_publish_now_accounts":[],"rop_publish_now_history":[],"rop_publish_now_status":"pending","footnotes":""},"categories":[6],"tags":[],"class_list":["post-1490","post","type-post","status-publish","format-standard","has-post-thumbnail","hentry","category-sports"],"_links":{"self":[{"href":"https:\/\/larepublicanews.com.do\/live\/wp-json\/wp\/v2\/posts\/1490","targetHints":{"allow":["GET"]}}],"collection":[{"href":"https:\/\/larepublicanews.com.do\/live\/wp-json\/wp\/v2\/posts"}],"about":[{"href":"https:\/\/larepublicanews.com.do\/live\/wp-json\/wp\/v2\/types\/post"}],"author":[{"embeddable":true,"href":"https:\/\/larepublicanews.com.do\/live\/wp-json\/wp\/v2\/users\/2"}],"replies":[{"embeddable":true,"href":"https:\/\/larepublicanews.com.do\/live\/wp-json\/wp\/v2\/comments?post=1490"}],"version-history":[{"count":2,"href":"https:\/\/larepublicanews.com.do\/live\/wp-json\/wp\/v2\/posts\/1490\/revisions"}],"predecessor-version":[{"id":1498,"href":"https:\/\/larepublicanews.com.do\/live\/wp-json\/wp\/v2\/posts\/1490\/revisions\/1498"}],"wp:featuredmedia":[{"embeddable":true,"href":"https:\/\/larepublicanews.com.do\/live\/wp-json\/wp\/v2\/media\/1496"}],"wp:attachment":[{"href":"https:\/\/larepublicanews.com.do\/live\/wp-json\/wp\/v2\/media?parent=1490"}],"wp:term":[{"taxonomy":"category","embeddable":true,"href":"https:\/\/larepublicanews.com.do\/live\/wp-json\/wp\/v2\/categories?post=1490"},{"taxonomy":"post_tag","embeddable":true,"href":"https:\/\/larepublicanews.com.do\/live\/wp-json\/wp\/v2\/tags?post=1490"}],"curies":[{"name":"wp","href":"https:\/\/api.w.org\/{rel}","templated":true}]}}