{"id":1489,"date":"2021-03-19T11:12:56","date_gmt":"2021-03-19T11:12:56","guid":{"rendered":"https:\/\/larepublicanews.com.do\/live\/?p=1489"},"modified":"2021-03-19T11:12:56","modified_gmt":"2021-03-19T11:12:56","slug":"anuncian-proximos-corredores-churchill-y-charles-de-gaulle","status":"publish","type":"post","link":"https:\/\/larepublicanews.com.do\/live\/anuncian-proximos-corredores-churchill-y-charles-de-gaulle\/","title":{"rendered":"Anuncian pr\u00f3ximos corredores Churchill y Charles de Gaulle"},"content":{"rendered":"<p>La Central Nacional Movimiento Choferil del Transporte (Mochotran) y las 129 rutas afiliadas a nivel nacional anunciaron ayer que los pr\u00f3ximos corredores a inaugurar ser\u00e1n el de las avenidas Winston Churchill y Charles de Gaulle.<br \/>\n<span id=\"more-1120683\"><\/span><br \/>\nEl presidente de Mochotran, Alfredo Pulinario \u201cCambita\u201d, inform\u00f3 que habr\u00e1n un total de 141 nuevas unidades del nuevo sistema de transporte donde 94 circular\u00e1n en la Charles y 41 en la Churchill.<\/p>\n<p>Aunque no especific\u00f3 la fecha en que llegar\u00e1n los autobuses al pa\u00eds y la puesta en circulaci\u00f3n de esto, indic\u00f3 que la inauguraci\u00f3n contar\u00e1 con la presencia del presidente de la Rep\u00fablica Luis Abinader. Pulinario explic\u00f3 que las unidades tendr\u00e1n capacidad para 90 pasajeros y contar\u00e1n con la modalidad de pago electr\u00f3nico, rampa para personas con discapacidad motora, Wifi y nueve c\u00e1maras de seguridad conectadas en un circuito cerrado con las del Sistema Nacional de Atenci\u00f3n a Emergencias y Seguridad 9-1-1.<\/p>\n<p>\u201cEn los pr\u00f3ximos meses vamos a brindarle al pueblo un veh\u00edculo confortable como son los autobuses de 90 pasajeros para el corredor de la Winston Churchill y de la Charles de Gaulle, pero tambi\u00e9n vamos a traer microbuses el\u00e9ctricos para alimentar el Metro y Telef\u00e9rico, y ya le tenemos uno aqu\u00ed como prototipo para que vean el transporte que ser\u00e1\u201d, expres\u00f3 el empresario del transporte durante una rueda de prensa en conjunto con Rafael Arias, director del Instituto Nacional de Tr\u00e1nsito y Transporte Terrestre (Intrant).<\/p>\n<p>En tanto a la integraci\u00f3n de los choferes, dijo que ser\u00e1n vinculados autom\u00e1ticamente a las empresas operadoras de transporte, trabajar\u00e1n ocho horas con un salario digno y ser\u00e1n incluidos en la Seguridad Social junto a su familia.<\/p>\n<p>Mientras que aquellos que no pasen a ser choferes de las unidades se integrar\u00e1n en otros oficios como jefe de lavado, o de taller.<\/p>\n<p>\u201cEl chofer integrado va a ganar un sueldo de 20 mil pesos y tendr\u00e1 seguro junto a su familia. Pasar\u00e1 a otra vida de tener un carrito trabajando 16 horas sin horario a trabajar 8 d\u00edas con su d\u00eda libre, con vacaciones. Tendr\u00e1 lo que tiene un trabajador organizado\u201d, enfatiz\u00f3 Alfredo Pulinario.<\/p>\n<p><strong>Microbuses el\u00e9ctricos alimentadores<\/strong><\/p>\n<p>Pulinario a\u00f1adi\u00f3 que traer\u00e1n microbuses el\u00e9ctricos para que operen como alimentadores del Metro de Santo Domingo y el Telef\u00e9rico. Present\u00f3 un prototipo del microb\u00fas e sostuvo que no provocar\u00e1 da\u00f1os al medio ambiente ya que utilizan bater\u00edas de alta durabilidad con una garant\u00eda de 10 a\u00f1os. Expres\u00f3 que la cantidad de los microbuses depender\u00e1 de los carros sacados de las rutas.<\/p>\n<p><strong>Asegura no ha autorizado aumento de pasajes<\/strong><\/p>\n<p>El director del Instituto Nacional de Tr\u00e1nsito y Transporte Terrestre (Intrant), Rafael Arias, asegur\u00f3 ayer que esa instituci\u00f3n no ha autorizado un aumento en el precio de los pasajes. \u201cHasta ahora el Intrant no ha autorizado ning\u00fan aumento de pasaje. Solamente en el corredor N\u00fa\u00f1ez de C\u00e1ceres por la transformaci\u00f3n del proceso\u201d, declar\u00f3 Arias al preguntarle sobre la arbitrariedad de choferes que incrementaron de cinco a diez pesos el pasaje.<\/p>\n<p>Por: Eliana Ledesma de El caribe.<\/p>\n","protected":false},"excerpt":{"rendered":"<p>La Central Nacional Movimiento Choferil del Transporte (Mochotran) y las 129 rutas afiliadas a nivel nacional anunciaron ayer que los pr\u00f3ximos corredores a inaugurar ser\u00e1n el de las avenidas Winston Churchill y Charles de Gaulle. El presidente de Mochotran, Alfredo Pulinario \u201cCambita\u201d, inform\u00f3 que habr\u00e1n un total de 141 nuevas unidades del nuevo sistema de transporte donde 94 circular\u00e1n en la Charles y 41 en la Churchill. Aunque no especific\u00f3 la fecha en que llegar\u00e1n los autobuses al pa\u00eds y la puesta en circulaci\u00f3n de esto, indic\u00f3 que la inauguraci\u00f3n&hellip;<\/p>\n","protected":false},"author":2,"featured_media":1491,"comment_status":"open","ping_status":"open","sticky":false,"template":"","format":"standard","meta":{"rop_custom_images_group":[],"rop_custom_messages_group":[],"rop_publish_now":"initial","rop_publish_now_accounts":[],"rop_publish_now_history":[],"rop_publish_now_status":"pending","footnotes":""},"categories":[23,24],"tags":[],"class_list":["post-1489","post","type-post","status-publish","format-standard","has-post-thumbnail","hentry","category-pais","category-politica"],"_links":{"self":[{"href":"https:\/\/larepublicanews.com.do\/live\/wp-json\/wp\/v2\/posts\/1489","targetHints":{"allow":["GET"]}}],"collection":[{"href":"https:\/\/larepublicanews.com.do\/live\/wp-json\/wp\/v2\/posts"}],"about":[{"href":"https:\/\/larepublicanews.com.do\/live\/wp-json\/wp\/v2\/types\/post"}],"author":[{"embeddable":true,"href":"https:\/\/larepublicanews.com.do\/live\/wp-json\/wp\/v2\/users\/2"}],"replies":[{"embeddable":true,"href":"https:\/\/larepublicanews.com.do\/live\/wp-json\/wp\/v2\/comments?post=1489"}],"version-history":[{"count":1,"href":"https:\/\/larepublicanews.com.do\/live\/wp-json\/wp\/v2\/posts\/1489\/revisions"}],"predecessor-version":[{"id":1492,"href":"https:\/\/larepublicanews.com.do\/live\/wp-json\/wp\/v2\/posts\/1489\/revisions\/1492"}],"wp:featuredmedia":[{"embeddable":true,"href":"https:\/\/larepublicanews.com.do\/live\/wp-json\/wp\/v2\/media\/1491"}],"wp:attachment":[{"href":"https:\/\/larepublicanews.com.do\/live\/wp-json\/wp\/v2\/media?parent=1489"}],"wp:term":[{"taxonomy":"category","embeddable":true,"href":"https:\/\/larepublicanews.com.do\/live\/wp-json\/wp\/v2\/categories?post=1489"},{"taxonomy":"post_tag","embeddable":true,"href":"https:\/\/larepublicanews.com.do\/live\/wp-json\/wp\/v2\/tags?post=1489"}],"curies":[{"name":"wp","href":"https:\/\/api.w.org\/{rel}","templated":true}]}}