{"id":1477,"date":"2021-03-18T19:02:23","date_gmt":"2021-03-18T19:02:23","guid":{"rendered":"https:\/\/larepublicanews.com.do\/live\/?p=1477"},"modified":"2021-03-18T19:02:23","modified_gmt":"2021-03-18T19:02:23","slug":"aprueban-en-primera-lectura-ley-que-regula-admision-e-inscripcion-en-los-centros-educativos-privados","status":"publish","type":"post","link":"https:\/\/larepublicanews.com.do\/live\/aprueban-en-primera-lectura-ley-que-regula-admision-e-inscripcion-en-los-centros-educativos-privados\/","title":{"rendered":"Aprueban en primera lectura ley que regula admisi\u00f3n e inscripci\u00f3n en los centros educativos privados"},"content":{"rendered":"<p>La C\u00e1mara de Diputados aprob\u00f3 este jueves en primera lectura el proyecto de ley que regula la admisi\u00f3n e inscripci\u00f3n en los centros educativos privados, adem\u00e1s de establecer la gratitud de reinscripci\u00f3n a los estudiantes.<\/p>\n<p>La pieza, propuesta por el diputado de Santo Domingo\u00a0 Este del Partido Revolucionario Moderno (PRM) Amado D\u00edaz, fue declarada de urgencia y enviada a la Comisi\u00f3n de Educaci\u00f3n de la C\u00e1mara Baja con un plazo ordinario para su aprobaci\u00f3n.<\/p>\n<p>En el proyecto contienen las sanciones por incumplir con lo dispuesto en cuanto a la eliminaci\u00f3n de la reinscripci\u00f3n, con multas de diez a cien salarios m\u00ednimos del sector p\u00fablico.<\/p>\n<p>Por: El Caribe<\/p>\n","protected":false},"excerpt":{"rendered":"<p>La C\u00e1mara de Diputados aprob\u00f3 este jueves en primera lectura el proyecto de ley que regula la admisi\u00f3n e inscripci\u00f3n en los centros educativos privados, adem\u00e1s de establecer la gratitud de reinscripci\u00f3n a los estudiantes. La pieza, propuesta por el diputado de Santo Domingo\u00a0 Este del Partido Revolucionario Moderno (PRM) Amado D\u00edaz, fue declarada de urgencia y enviada a la Comisi\u00f3n de Educaci\u00f3n de la C\u00e1mara Baja con un plazo ordinario para su aprobaci\u00f3n. En el proyecto contienen las sanciones por incumplir con lo dispuesto en cuanto a la eliminaci\u00f3n&hellip;<\/p>\n","protected":false},"author":2,"featured_media":1487,"comment_status":"open","ping_status":"open","sticky":false,"template":"","format":"standard","meta":{"rop_custom_images_group":[],"rop_custom_messages_group":[],"rop_publish_now":"initial","rop_publish_now_accounts":[],"rop_publish_now_history":[],"rop_publish_now_status":"pending","footnotes":""},"categories":[24],"tags":[],"class_list":["post-1477","post","type-post","status-publish","format-standard","has-post-thumbnail","hentry","category-politica"],"_links":{"self":[{"href":"https:\/\/larepublicanews.com.do\/live\/wp-json\/wp\/v2\/posts\/1477","targetHints":{"allow":["GET"]}}],"collection":[{"href":"https:\/\/larepublicanews.com.do\/live\/wp-json\/wp\/v2\/posts"}],"about":[{"href":"https:\/\/larepublicanews.com.do\/live\/wp-json\/wp\/v2\/types\/post"}],"author":[{"embeddable":true,"href":"https:\/\/larepublicanews.com.do\/live\/wp-json\/wp\/v2\/users\/2"}],"replies":[{"embeddable":true,"href":"https:\/\/larepublicanews.com.do\/live\/wp-json\/wp\/v2\/comments?post=1477"}],"version-history":[{"count":1,"href":"https:\/\/larepublicanews.com.do\/live\/wp-json\/wp\/v2\/posts\/1477\/revisions"}],"predecessor-version":[{"id":1488,"href":"https:\/\/larepublicanews.com.do\/live\/wp-json\/wp\/v2\/posts\/1477\/revisions\/1488"}],"wp:featuredmedia":[{"embeddable":true,"href":"https:\/\/larepublicanews.com.do\/live\/wp-json\/wp\/v2\/media\/1487"}],"wp:attachment":[{"href":"https:\/\/larepublicanews.com.do\/live\/wp-json\/wp\/v2\/media?parent=1477"}],"wp:term":[{"taxonomy":"category","embeddable":true,"href":"https:\/\/larepublicanews.com.do\/live\/wp-json\/wp\/v2\/categories?post=1477"},{"taxonomy":"post_tag","embeddable":true,"href":"https:\/\/larepublicanews.com.do\/live\/wp-json\/wp\/v2\/tags?post=1477"}],"curies":[{"name":"wp","href":"https:\/\/api.w.org\/{rel}","templated":true}]}}