{"id":1476,"date":"2021-03-18T18:59:54","date_gmt":"2021-03-18T18:59:54","guid":{"rendered":"https:\/\/larepublicanews.com.do\/live\/?p=1476"},"modified":"2021-03-18T18:59:54","modified_gmt":"2021-03-18T18:59:54","slug":"quique-antun-dice-es-una-aberracion-promover-la-despenalizacion-del-aborto","status":"publish","type":"post","link":"https:\/\/larepublicanews.com.do\/live\/quique-antun-dice-es-una-aberracion-promover-la-despenalizacion-del-aborto\/","title":{"rendered":"Quique Ant\u00fan dice es una \u201caberraci\u00f3n\u201d promover la despenalizaci\u00f3n del aborto"},"content":{"rendered":"<p>El presidente del Partido Reformista Social Cristiano (PRSC), Quique Ant\u00fan, sostuvo este jueves que la vida humana debe ser respetada y protegida, por lo que consider\u00f3 una \u201caberraci\u00f3n\u201d promover la despenalizaci\u00f3n del aborto en la Rep\u00fablica Dominicana.<\/p>\n<p>Sostuvo que la vida comienza desde el mismo momento de la concepci\u00f3n \u201cy no vamos a permitir que maten a ni\u00f1os en el vientre de las madres\u201d.<\/p>\n<p>\u201cEs una aberraci\u00f3n promover acciones criminales como es el aborto\u201d, dijo.<\/p>\n<p>Quique Ant\u00fan se pregunt\u00f3 en su cuenta de Twitter: \u201cCu\u00e1l es la diferencia entre asesinato en el vientre o luego de nacer? \u00bfQu\u00e9 se mueve detr\u00e1s de todo este paganismo?\u201d<\/p>\n<p>El l\u00edder reformista manifest\u00f3 que el PRSC ha mantenido una postura firme en contra de la despenalizaci\u00f3n del aborto, \u201cy seguiremos luchando para evitar la legalizaci\u00f3n de tan grave crimen, como es el aborto\u201d.<\/p>\n<p>Quique Ant\u00fan manifest\u00f3 que el PRSC como partido de principios cristianos, estar\u00e1 siempre a favor de la vida.<\/p>\n<p>\u201cLa vida es la vida desde la concepci\u00f3n y nadie tiene derecho a quitarla sobre todo a una inocente criatura\u201d, escribi\u00f3 en su cuenta de Twitter.<\/p>\n<p>Agreg\u00f3 en ese sentido, que los m\u00e9dicos hacen el juramento hipocr\u00e1tico \u201cy act\u00faan casi siempre en defensa de la vida\u201d.<\/p>\n<p>Por: El Caribe<\/p>\n","protected":false},"excerpt":{"rendered":"<p>El presidente del Partido Reformista Social Cristiano (PRSC), Quique Ant\u00fan, sostuvo este jueves que la vida humana debe ser respetada y protegida, por lo que consider\u00f3 una \u201caberraci\u00f3n\u201d promover la despenalizaci\u00f3n del aborto en la Rep\u00fablica Dominicana. Sostuvo que la vida comienza desde el mismo momento de la concepci\u00f3n \u201cy no vamos a permitir que maten a ni\u00f1os en el vientre de las madres\u201d. \u201cEs una aberraci\u00f3n promover acciones criminales como es el aborto\u201d, dijo. Quique Ant\u00fan se pregunt\u00f3 en su cuenta de Twitter: \u201cCu\u00e1l es la diferencia entre asesinato&hellip;<\/p>\n","protected":false},"author":2,"featured_media":1485,"comment_status":"open","ping_status":"open","sticky":false,"template":"","format":"standard","meta":{"rop_custom_images_group":[],"rop_custom_messages_group":[],"rop_publish_now":"initial","rop_publish_now_accounts":[],"rop_publish_now_history":[],"rop_publish_now_status":"pending","footnotes":""},"categories":[24],"tags":[],"class_list":["post-1476","post","type-post","status-publish","format-standard","has-post-thumbnail","hentry","category-politica"],"_links":{"self":[{"href":"https:\/\/larepublicanews.com.do\/live\/wp-json\/wp\/v2\/posts\/1476","targetHints":{"allow":["GET"]}}],"collection":[{"href":"https:\/\/larepublicanews.com.do\/live\/wp-json\/wp\/v2\/posts"}],"about":[{"href":"https:\/\/larepublicanews.com.do\/live\/wp-json\/wp\/v2\/types\/post"}],"author":[{"embeddable":true,"href":"https:\/\/larepublicanews.com.do\/live\/wp-json\/wp\/v2\/users\/2"}],"replies":[{"embeddable":true,"href":"https:\/\/larepublicanews.com.do\/live\/wp-json\/wp\/v2\/comments?post=1476"}],"version-history":[{"count":1,"href":"https:\/\/larepublicanews.com.do\/live\/wp-json\/wp\/v2\/posts\/1476\/revisions"}],"predecessor-version":[{"id":1486,"href":"https:\/\/larepublicanews.com.do\/live\/wp-json\/wp\/v2\/posts\/1476\/revisions\/1486"}],"wp:featuredmedia":[{"embeddable":true,"href":"https:\/\/larepublicanews.com.do\/live\/wp-json\/wp\/v2\/media\/1485"}],"wp:attachment":[{"href":"https:\/\/larepublicanews.com.do\/live\/wp-json\/wp\/v2\/media?parent=1476"}],"wp:term":[{"taxonomy":"category","embeddable":true,"href":"https:\/\/larepublicanews.com.do\/live\/wp-json\/wp\/v2\/categories?post=1476"},{"taxonomy":"post_tag","embeddable":true,"href":"https:\/\/larepublicanews.com.do\/live\/wp-json\/wp\/v2\/tags?post=1476"}],"curies":[{"name":"wp","href":"https:\/\/api.w.org\/{rel}","templated":true}]}}