{"id":1473,"date":"2021-03-18T18:52:09","date_gmt":"2021-03-18T18:52:09","guid":{"rendered":"https:\/\/larepublicanews.com.do\/live\/?p=1473"},"modified":"2021-03-18T18:52:09","modified_gmt":"2021-03-18T18:52:09","slug":"a-las-ternas-del-defensor-del-pueblo-y-la-camara-de-cuentas-le-faltan-unos-toquecitos","status":"publish","type":"post","link":"https:\/\/larepublicanews.com.do\/live\/a-las-ternas-del-defensor-del-pueblo-y-la-camara-de-cuentas-le-faltan-unos-toquecitos\/","title":{"rendered":"A las ternas del Defensor del Pueblo y la C\u00e1mara de Cuentas le faltan \u00abunos toquecitos\u00bb"},"content":{"rendered":"<p>El presidente de la C\u00e1mara de Diputados, Alfredo Pacheco, inform\u00f3 al pa\u00eds que el conocimiento de las ternas para escoger las ternas del Defensor del Pueblo y de la C\u00e1mara de Cuentas fue postergado por diversas razones y tras consultas con el liderazgo nacional.<\/p>\n<p>Revel\u00f3 que es probable que la semana venidera se re\u00fanan ambas comisiones que estudian la presentaci\u00f3n de esas ternas y que se produzca \u201ccualquier cambio o cualquier ajuste en esta situaci\u00f3n\u201d.<\/p>\n<p>A\u00f1adi\u00f3 que \u201chay un mar de especulaciones&#8230; sobre las diferentes quintetas que ha presentado la Comisi\u00f3n de la C\u00e1mara de Cuentas y sobre las sextetas que est\u00e1 preparando la comisi\u00f3n sobre la escogencia del Defensor del Pueblo\u201d.<\/p>\n<div class=\"in-content-info 3 0\"><\/div>\n<div class=\"in-content\"><\/div>\n<p>Insisti\u00f3 en que las comisiones se han estado reuniendo y todav\u00eda tienen \u201calgunos toquecitos\u201d que terminar de darle a esas quintetas y a las sextetas.<\/p>\n<div class=\"in-content-info w-100 blueconic-content 4 0\"><\/div>\n<p>\u201cNo estamos precisamente en la obligaci\u00f3n de presentar las ternas en el orden de las notas. Los \u00fanicos que llevan notas son los del Defensor del Pueblo\u201d, expres\u00f3.<\/p>\n<p>Recomend\u00f3 a los que \u201copinan\u201d leer el reglamento interno para que sus opiniones contengan un mejor contenido y puedan ser sustentadas en las reglamentaciones legislativas.<\/p>\n<p>Record\u00f3 que en ambos casos la c\u00e1mara baja tiene la atribuci\u00f3n de escoger las ternas y es el Senado que tiene a su cargo la elecci\u00f3n de esos cargos.<\/p>\n<p>Por: <strong>Yamalie Rosario de<\/strong> <strong>Diario Libre\u00a0<\/strong><\/p>\n","protected":false},"excerpt":{"rendered":"<p>El presidente de la C\u00e1mara de Diputados, Alfredo Pacheco, inform\u00f3 al pa\u00eds que el conocimiento de las ternas para escoger las ternas del Defensor del Pueblo y de la C\u00e1mara de Cuentas fue postergado por diversas razones y tras consultas con el liderazgo nacional. Revel\u00f3 que es probable que la semana venidera se re\u00fanan ambas comisiones que estudian la presentaci\u00f3n de esas ternas y que se produzca \u201ccualquier cambio o cualquier ajuste en esta situaci\u00f3n\u201d. A\u00f1adi\u00f3 que \u201chay un mar de especulaciones&#8230; sobre las diferentes quintetas que ha presentado la&hellip;<\/p>\n","protected":false},"author":2,"featured_media":1479,"comment_status":"open","ping_status":"open","sticky":false,"template":"","format":"standard","meta":{"rop_custom_images_group":[],"rop_custom_messages_group":[],"rop_publish_now":"initial","rop_publish_now_accounts":[],"rop_publish_now_history":[],"rop_publish_now_status":"pending","footnotes":""},"categories":[24],"tags":[],"class_list":["post-1473","post","type-post","status-publish","format-standard","has-post-thumbnail","hentry","category-politica"],"_links":{"self":[{"href":"https:\/\/larepublicanews.com.do\/live\/wp-json\/wp\/v2\/posts\/1473","targetHints":{"allow":["GET"]}}],"collection":[{"href":"https:\/\/larepublicanews.com.do\/live\/wp-json\/wp\/v2\/posts"}],"about":[{"href":"https:\/\/larepublicanews.com.do\/live\/wp-json\/wp\/v2\/types\/post"}],"author":[{"embeddable":true,"href":"https:\/\/larepublicanews.com.do\/live\/wp-json\/wp\/v2\/users\/2"}],"replies":[{"embeddable":true,"href":"https:\/\/larepublicanews.com.do\/live\/wp-json\/wp\/v2\/comments?post=1473"}],"version-history":[{"count":1,"href":"https:\/\/larepublicanews.com.do\/live\/wp-json\/wp\/v2\/posts\/1473\/revisions"}],"predecessor-version":[{"id":1480,"href":"https:\/\/larepublicanews.com.do\/live\/wp-json\/wp\/v2\/posts\/1473\/revisions\/1480"}],"wp:featuredmedia":[{"embeddable":true,"href":"https:\/\/larepublicanews.com.do\/live\/wp-json\/wp\/v2\/media\/1479"}],"wp:attachment":[{"href":"https:\/\/larepublicanews.com.do\/live\/wp-json\/wp\/v2\/media?parent=1473"}],"wp:term":[{"taxonomy":"category","embeddable":true,"href":"https:\/\/larepublicanews.com.do\/live\/wp-json\/wp\/v2\/categories?post=1473"},{"taxonomy":"post_tag","embeddable":true,"href":"https:\/\/larepublicanews.com.do\/live\/wp-json\/wp\/v2\/tags?post=1473"}],"curies":[{"name":"wp","href":"https:\/\/api.w.org\/{rel}","templated":true}]}}