{"id":1463,"date":"2021-03-18T18:47:39","date_gmt":"2021-03-18T18:47:39","guid":{"rendered":"https:\/\/larepublicanews.com.do\/live\/?p=1463"},"modified":"2021-03-18T18:47:39","modified_gmt":"2021-03-18T18:47:39","slug":"justin-verlander-vuelve-a-lanzar-despues-de-someterse-a-cirugia-tommy-john","status":"publish","type":"post","link":"https:\/\/larepublicanews.com.do\/live\/justin-verlander-vuelve-a-lanzar-despues-de-someterse-a-cirugia-tommy-john\/","title":{"rendered":"Justin Verlander vuelve a lanzar despu\u00e9s de someterse a cirug\u00eda Tommy John"},"content":{"rendered":"<div class=\"paragraph\">\n<p>El abridor estelar de los\u00a0<b>Astros de Houston,\u00a0<\/b>Justin Verlander public\u00f3 este mi\u00e9rcoles un v\u00eddeo en su cuenta personal de Twitter en el que aparece haciendo su primer lanzamiento ceremonial, tras haber superado una grave lesi\u00f3n y la cirug\u00eda\u00a0<b>Tommy John<\/b>\u00a0a la que se someti\u00f3 el pasado 30 de septiembre.<\/p>\n<p>Verlander tuvo que pasar por el quir\u00f3fano tras lesionarse el mismo D\u00eda Inaugural de la pasada temporada y de haber fallado en su intento por volver antes que concluyese la competici\u00f3n regular.<\/p>\n<\/div>\n<div id=\"container-1600208\" class=\"mt-3 mb-4 p-3 insert_headline content-capsule\">\n<div class=\"share-btn visible-md-up hidden-sm-down\" data-share-target=\"1600208\"><img decoding=\"async\" class=\"mx-auto share-icon\" src=\"https:\/\/assets.diariolibre.com\/img\/icon\/icon-share-arrow.png\" \/><\/div>\n<div class=\"insertBlock\">\n<div class=\"insert_title\">El derecho tratar\u00e1 de convertirse en el d\u00e9cimo lanzador del que se tiene conocimiento que intentar\u00e1 regresar de una operaci\u00f3n Tommy John<\/div>\n<div class=\"Insert_text\"><\/div>\n<div class=\"list-number\">\n<div class=\"Insert_Headline\"><\/div>\n<\/div>\n<div class=\"Insert_Headline\"><\/div>\n<div class=\"list-detail\">\n<div class=\"Insert_Headline\"><\/div>\n<\/div>\n<div class=\"list-number\">\n<div class=\"Insert_Headline\"><\/div>\n<\/div>\n<div class=\"QuoteAuthor\">\n<div>\n<div class=\"Insert_Headline\"><\/div>\n<\/div>\n<\/div>\n<div class=\"Insert_Headline\"><\/div>\n<\/div>\n<\/div>\n<div class=\"paragraph\">\n<p>El piloto de los Astros, Dusty Baker, habl\u00f3 con Verlander en d\u00edas recientes y dijo el mi\u00e9rcoles que estaba llevando a cabo su rehabilitaci\u00f3n en\u00a0<b>Cressey Sports Performance<\/b>, un complejo de entrenamiento de alto rendimiento en\u00a0<b>Palm Beach Gardens<\/b>, que se encuentra a s\u00f3lo unos kil\u00f3metros del complejo primaveral del equipo de los Astros, en Florida.<\/p>\n<div class=\"in-content-info 3 0\"><\/div>\n<div class=\"in-content\"><\/div>\n<p>Baker explic\u00f3 que se hab\u00eda dirigido a Verlander para que pudiese hablar con el tercer mejor talento que tiene la organizaci\u00f3n de los Astros,\u00a0<b>Hunter Brown<\/b>, quien creci\u00f3 en los suburbios de Detroit con fotograf\u00edas de Verlander en las paredes de su habitaci\u00f3n.<\/p>\n<p>Por: Diario Libre<\/p>\n<\/div>\n","protected":false},"excerpt":{"rendered":"<p>El abridor estelar de los\u00a0Astros de Houston,\u00a0Justin Verlander public\u00f3 este mi\u00e9rcoles un v\u00eddeo en su cuenta personal de Twitter en el que aparece haciendo su primer lanzamiento ceremonial, tras haber superado una grave lesi\u00f3n y la cirug\u00eda\u00a0Tommy John\u00a0a la que se someti\u00f3 el pasado 30 de septiembre. Verlander tuvo que pasar por el quir\u00f3fano tras lesionarse el mismo D\u00eda Inaugural de la pasada temporada y de haber fallado en su intento por volver antes que concluyese la competici\u00f3n regular. El derecho tratar\u00e1 de convertirse en el d\u00e9cimo lanzador del que&hellip;<\/p>\n","protected":false},"author":2,"featured_media":1471,"comment_status":"open","ping_status":"open","sticky":false,"template":"","format":"standard","meta":{"rop_custom_images_group":[],"rop_custom_messages_group":[],"rop_publish_now":"initial","rop_publish_now_accounts":[],"rop_publish_now_history":[],"rop_publish_now_status":"pending","footnotes":""},"categories":[6],"tags":[],"class_list":["post-1463","post","type-post","status-publish","format-standard","has-post-thumbnail","hentry","category-sports"],"_links":{"self":[{"href":"https:\/\/larepublicanews.com.do\/live\/wp-json\/wp\/v2\/posts\/1463","targetHints":{"allow":["GET"]}}],"collection":[{"href":"https:\/\/larepublicanews.com.do\/live\/wp-json\/wp\/v2\/posts"}],"about":[{"href":"https:\/\/larepublicanews.com.do\/live\/wp-json\/wp\/v2\/types\/post"}],"author":[{"embeddable":true,"href":"https:\/\/larepublicanews.com.do\/live\/wp-json\/wp\/v2\/users\/2"}],"replies":[{"embeddable":true,"href":"https:\/\/larepublicanews.com.do\/live\/wp-json\/wp\/v2\/comments?post=1463"}],"version-history":[{"count":1,"href":"https:\/\/larepublicanews.com.do\/live\/wp-json\/wp\/v2\/posts\/1463\/revisions"}],"predecessor-version":[{"id":1472,"href":"https:\/\/larepublicanews.com.do\/live\/wp-json\/wp\/v2\/posts\/1463\/revisions\/1472"}],"wp:featuredmedia":[{"embeddable":true,"href":"https:\/\/larepublicanews.com.do\/live\/wp-json\/wp\/v2\/media\/1471"}],"wp:attachment":[{"href":"https:\/\/larepublicanews.com.do\/live\/wp-json\/wp\/v2\/media?parent=1463"}],"wp:term":[{"taxonomy":"category","embeddable":true,"href":"https:\/\/larepublicanews.com.do\/live\/wp-json\/wp\/v2\/categories?post=1463"},{"taxonomy":"post_tag","embeddable":true,"href":"https:\/\/larepublicanews.com.do\/live\/wp-json\/wp\/v2\/tags?post=1463"}],"curies":[{"name":"wp","href":"https:\/\/api.w.org\/{rel}","templated":true}]}}