{"id":1461,"date":"2021-03-18T11:23:46","date_gmt":"2021-03-18T11:23:46","guid":{"rendered":"https:\/\/larepublicanews.com.do\/live\/?p=1461"},"modified":"2021-03-18T11:23:46","modified_gmt":"2021-03-18T11:23:46","slug":"inclusion-o-extremismo-cambios-en-personajes-siguen-creando-controversia","status":"publish","type":"post","link":"https:\/\/larepublicanews.com.do\/live\/inclusion-o-extremismo-cambios-en-personajes-siguen-creando-controversia\/","title":{"rendered":"\u00bfInclusi\u00f3n o extremismo? Cambios en personajes siguen creando controversia"},"content":{"rendered":"<p>Todo parece indicar que la industria del entretenimiento no parar\u00e1 hasta encontrar un punto en donde todo el mundo est\u00e9 complacido. Y las recientes informaciones sobre cambios radicales entre personajes de Marvel y Looney Tunes, as\u00ed lo demuestran.<\/p>\n<p>Una avalancha de reacciones ha generado la presentaci\u00f3n por Marvel Comics este martes de Aaron Fisher, un adolescente abiertamente homosexual que ser\u00e1 el primero de los personajes que har\u00e1n el rol de Capit\u00e1n Am\u00e9rica en la serie Los Estados Unidos de Capit\u00e1n Am\u00e9rica.<\/p>\n<p>El c\u00f3mic estar\u00e1 a la venta el 2 de junio, mes en que se celebra el orgullo LGBT+ y fue anunciado como conmemoraci\u00f3n del 80 aniversario de la primera aparici\u00f3n de Capit\u00e1n Am\u00e9rica, la cual ocurri\u00f3 en marzo de 1941.<\/p>\n<p>Marvel C\u00f3mics defini\u00f3 a este personaje como \u201cun adolescente intr\u00e9pido que decidi\u00f3 dar un paso al frente para proteger a sus compa\u00f1eros menos favorecidos, incluyendo fugitivos y j\u00f3venes que no tienen casa\u201d.<\/p>\n<p>El controversial personaje lleva la m\u00e1scara del Capit\u00e1n Am\u00e9rica, tiene una bandera de Estados Unidos tatuada en el brazo, usa piercing en la nariz, tiene la cabeza raspada a la mitad y trae un overol azul con una estrella y barras rojiblancas para simular el estilo del traje del primer Capit\u00e1n Am\u00e9rica (Steve Rogers).<\/p>\n<p>Por otro lado, luego de 25 a\u00f1os del estreno de la pel\u00edcula \u201cSpace Jam\u201d, llegar\u00e1 una precuela de este popular filme bajo el nombre de \u201cSpace Jam: A New Legacy\u201d.<\/p>\n<p>Hasta aqu\u00ed todo el mundo est\u00e1 feliz, ya que este cl\u00e1sico fue muy querido por muchos.<br \/>\nPero lo que tiene a muchos criticando la cinta que a\u00fan no ha salido, son los cambios dr\u00e1sticos en uno de sus personajes: Lola Bunny.<\/p>\n<p>De esta pel\u00edcula, en la que ahora LeBron James tomar\u00e1 el relevo de Michael Jordan, salieron recientemente unas nuevas im\u00e1genes promocionales y ha llamado la atenci\u00f3n ver a Lola Bunny sin sus marcadas curvas.<\/p>\n<p>Lola ahora ya no es un dibujo sexualizado. La decisi\u00f3n del cambio fue tomada por parte del director Malcolm D. Lee y ha generado cr\u00edticas negativas de algunos que opinan que no era necesario el cambio.<\/p>\n<p>El director explic\u00f3 a la revista Entertainment Weekly la preocupaci\u00f3n que tuvo con el personaje de Lola Bunny.<\/p>\n<p>\u201cLola Bunny estaba muy sexualizada, como Betty Boop mezclada con Jessica Rabbit. Lola no era pol\u00edticamente correcta\u2026 Esta es una pel\u00edcula para ni\u00f1os, \u00bfpor qu\u00e9 lleva un crop top? Me pareci\u00f3 innecesario, pero al mismo tiempo hay una larga historia de eso en los dibujos animados\u201d, cont\u00f3 el cineasta de Space Jam 2. Por esta raz\u00f3n, decidi\u00f3 darle un enfoque m\u00e1s adecuado y merecido al personaje.<\/p>\n<p>Ahora, Lola ya no tendr\u00e1 un pecho voluptuoso, sino m\u00e1s plano y dejar\u00e1 atr\u00e1s su atuendo y sexy personalidad.<\/p>\n<p><strong>En Space Jam 2, los guionistas quieren lograr y flejar la autenticidad de los personajes femeninos fuertes y capaces.<\/strong><\/p>\n<p>Por: Rosmery M De los santos de Hoy<\/p>\n","protected":false},"excerpt":{"rendered":"<p>Todo parece indicar que la industria del entretenimiento no parar\u00e1 hasta encontrar un punto en donde todo el mundo est\u00e9 complacido. Y las recientes informaciones sobre cambios radicales entre personajes de Marvel y Looney Tunes, as\u00ed lo demuestran. Una avalancha de reacciones ha generado la presentaci\u00f3n por Marvel Comics este martes de Aaron Fisher, un adolescente abiertamente homosexual que ser\u00e1 el primero de los personajes que har\u00e1n el rol de Capit\u00e1n Am\u00e9rica en la serie Los Estados Unidos de Capit\u00e1n Am\u00e9rica. El c\u00f3mic estar\u00e1 a la venta el 2 de&hellip;<\/p>\n","protected":false},"author":2,"featured_media":1469,"comment_status":"open","ping_status":"open","sticky":false,"template":"","format":"standard","meta":{"rop_custom_images_group":[],"rop_custom_messages_group":[],"rop_publish_now":"initial","rop_publish_now_accounts":[],"rop_publish_now_history":[],"rop_publish_now_status":"pending","footnotes":""},"categories":[13,14],"tags":[],"class_list":["post-1461","post","type-post","status-publish","format-standard","has-post-thumbnail","hentry","category-entretenimiento","category-espectaculos"],"_links":{"self":[{"href":"https:\/\/larepublicanews.com.do\/live\/wp-json\/wp\/v2\/posts\/1461","targetHints":{"allow":["GET"]}}],"collection":[{"href":"https:\/\/larepublicanews.com.do\/live\/wp-json\/wp\/v2\/posts"}],"about":[{"href":"https:\/\/larepublicanews.com.do\/live\/wp-json\/wp\/v2\/types\/post"}],"author":[{"embeddable":true,"href":"https:\/\/larepublicanews.com.do\/live\/wp-json\/wp\/v2\/users\/2"}],"replies":[{"embeddable":true,"href":"https:\/\/larepublicanews.com.do\/live\/wp-json\/wp\/v2\/comments?post=1461"}],"version-history":[{"count":1,"href":"https:\/\/larepublicanews.com.do\/live\/wp-json\/wp\/v2\/posts\/1461\/revisions"}],"predecessor-version":[{"id":1470,"href":"https:\/\/larepublicanews.com.do\/live\/wp-json\/wp\/v2\/posts\/1461\/revisions\/1470"}],"wp:featuredmedia":[{"embeddable":true,"href":"https:\/\/larepublicanews.com.do\/live\/wp-json\/wp\/v2\/media\/1469"}],"wp:attachment":[{"href":"https:\/\/larepublicanews.com.do\/live\/wp-json\/wp\/v2\/media?parent=1461"}],"wp:term":[{"taxonomy":"category","embeddable":true,"href":"https:\/\/larepublicanews.com.do\/live\/wp-json\/wp\/v2\/categories?post=1461"},{"taxonomy":"post_tag","embeddable":true,"href":"https:\/\/larepublicanews.com.do\/live\/wp-json\/wp\/v2\/tags?post=1461"}],"curies":[{"name":"wp","href":"https:\/\/api.w.org\/{rel}","templated":true}]}}