{"id":1460,"date":"2021-03-18T11:18:55","date_gmt":"2021-03-18T11:18:55","guid":{"rendered":"https:\/\/larepublicanews.com.do\/live\/?p=1460"},"modified":"2021-03-18T11:18:55","modified_gmt":"2021-03-18T11:18:55","slug":"un-ano-en-estado-de-emergencia","status":"publish","type":"post","link":"https:\/\/larepublicanews.com.do\/live\/un-ano-en-estado-de-emergencia\/","title":{"rendered":"Un a\u00f1o en estado de emergencia"},"content":{"rendered":"<h5><em>Desde el cierre de las actividades comerciales hasta inicio del plan de vacunaci\u00f3n: entre las acciones para superar la crisis por la covid-19<\/em><\/h5>\n<p>El estado de emergencia podr\u00e1 declararse cuando ocurran hechos que perturben o amenacen con perturbar en forma grave e inminente el orden econ\u00f3mico, social, medioambiental del pa\u00eds, o que constituyan calamidad p\u00fablica.<\/p>\n<p>As\u00ed reza el art\u00edculo 265 de la Constituci\u00f3n dominicana, evocado en el decreto 134-20, del 19 de marzo del 2020, que declara el primer estado de excepci\u00f3n de ese a\u00f1o, para afrontar la covid-19, cuando corr\u00eda la tercera semana de registrase el primer caso positivo al SARS-CoV-2 en territorio nacional.<\/p>\n<p>\u201cNo podemos obviar que estamos ante una emergencia de salud de nivel global y que para hacerle frente, debemos trabajar unidos y seguir tomando medidas adicionales y excepcionales, porque en este momento no hay otra prioridad mayor que proteger la salud y la vida de los dominicanos\u201d, alert\u00f3 el presidente de entonces, Danilo Medina, previo a la declaratoria, en un esperado discurso en el que inform\u00f3 la situaci\u00f3n generada por el coronavirus y las acciones para contrarrestarlo.<\/p>\n<p>Del 19 de marzo hasta el momento se han declarado 12 Estado de Emergencia en la Rep\u00fablica Dominicana, incluyendo sus respectivas prorrogas. Desde la fecha, el pa\u00eds solo tuvo 20 d\u00edas sin este r\u00e9gimen de excepci\u00f3n, levantado el 01 de julio, a solo cuatro d\u00edas de las elecciones presidenciales y municipales; y retomado el 20 de ese mes.<\/p>\n<p>Al cumplirse ma\u00f1ana un a\u00f1o de la primera declaratoria te dejamos la cronolog\u00eda sobre las medidas m\u00e1s trascendentales que impactaron dr\u00e1sticamente en la econom\u00eda nacional y en la vida de los ciudadanos, as\u00ed como las acciones implementadas para superar la crisis sanitaria y econ\u00f3mica generada por el coronavirus.<\/p>\n<p><strong>Marzo 2020<\/strong><br \/>\n<strong>Actividades paralizadas<\/strong><\/p>\n<p>El territorio nacional es declarado en estado de emergencia. Cierran las fronteras y se establece primer toque de queda de ese a\u00f1o, inicialmente entre 8:00 p.m. a 6:00 a.m. Luego se extendi\u00f3 de 5:00 p.m. a 6:00 a.m. Se suspende toda actividad comercial no esencial, la realizaci\u00f3n de eventos y concentraciones. La docencia tambi\u00e9n es interrumpida.<\/p>\n<p><strong>Abril 2020<\/strong><br \/>\n<strong>Programas y prohibici\u00f3n<\/strong><\/p>\n<p>Inicia ayuda econ\u00f3mica a beneficiarios de los programas \u201cQu\u00e9date en Casa\u201d y del Fondo de Asistencia Solidaria al Empleado (FASE). Entre las medidas de prevenci\u00f3n, se hizo obligatorio el uso de mascarillas en espacios p\u00fablicos y lugares de trabajo. Se prohibi\u00f3 el traslado vacacional de personas de un punto a otro del pa\u00eds durante la Semana Santa, as\u00ed como el uso de los balnearios.<\/p>\n<p><strong>Mayo 2020<\/strong><br \/>\n<strong>Arranca la desescalada<\/strong><\/p>\n<p>Gobierno inicia primera fase de desescalada. Se permite a empresas y a instituciones p\u00fablicas operar, con un n\u00famero limitado de personal y con horarios diferenciados. Autorizan apertura de tiendas en centros comerciales. Toque de queda cambia: lunes a s\u00e1bado de 7:00 p.m. a 5 a.m. y domingos de 5:00 p.m. a 5:00 a.m. Reanudan el transporte p\u00fablico estatal con capacidad y horario reducido.<\/p>\n<p><strong>Junio 2020<\/strong><br \/>\n<strong>Una mayor apertura<\/strong><\/p>\n<p>A principio de mes se pasa a la fase II del plan de apertura econ\u00f3mica. Se permite a las empresas incorporar un mayor porcentaje de colaboradores. Iglesias abren puertas con estricto protocolo, inicialmente, con un culto a la semana. Transporte interurbano inicia operaciones de forma limitada. Comienza toque de queda con nuevo horario 8:00 p.m. a 5:00 a.m.<\/p>\n<p><strong>Julio 2020<\/strong><br \/>\n<strong>Sin estado de emergencia<\/strong><\/p>\n<p>El 1 julio se levanta el estado de excepci\u00f3n en la v\u00edspera de las elecciones presidenciales y congresuales, el cual es retomado el 20 de ese mes. Se establece toque de queda diferenciado por provincias En el \u00e1mbito econ\u00f3mico, dentro del plan de reapertura, retoman operaciones del sector tur\u00edstico con la reanudaci\u00f3n de hoteles, y la llegada de turistas.<\/p>\n<p><strong>Agosto 2020<\/strong><br \/>\n<strong>Impulso de sectores<\/strong><\/p>\n<p>Nuevas autoridades mantienen toque de queda. Anuncian medidas para impulsar la recuperaci\u00f3n del sector turismo. Extienden programas de ayudas sociales Qu\u00e9date en Casa, FASE, y el Programa de Asistencia al Trabajador Independiente (Pa\u00b4 Ti). Se declara de emergencia la compra y contrataciones para la adquisici\u00f3n de insumos y medicamentos para mitigar la pandemia del covid-19.<\/p>\n<p><strong>Septiembre 2020<\/strong><br \/>\n<strong>Reducen toque de queda<\/strong><\/p>\n<p>Prorrogan estado de emergencia por 45 d\u00edas. A final de mes se emite decreto que reduce horario de toque de queda en todo el territorio nacional, para que sea de lunes a viernes, de 9:00 p.m. a 5:00 a.m.; los s\u00e1bados y domingos, de 7:00 p.m. a 5:00 a.m. Como parte de las medidas para la temprana detecci\u00f3n de covid-19, por primera vez, el Gobierno logr\u00f3 realizar 7,000 pruebas PCR en un solo d\u00eda.<\/p>\n<p><strong>Octubre 2020<\/strong><br \/>\n<strong>Acuerdos importantes<\/strong><\/p>\n<p>El Gobierno firma acuerdo con empresa brit\u00e1nica AstraZeneca para adquirir 10 millones de dosis de la vacuna contra el covid-19. En materia educativa, present\u00f3 la estrategia \u201cAprendamos en Casa\u201d, para implementar el a\u00f1o escolar 2020-2021. En ese contexto, las autoridades gubernamentales y propietarios de plantas televisoras nacionales convinieron la transmisi\u00f3n de la docencia del periodo lectivo.<\/p>\n<p><strong>Noviembre 2020<\/strong><br \/>\n<strong>Aprendiendo en casa<\/strong><\/p>\n<p>Bajo la modalidad educaci\u00f3n a distancia, inicia a at\u00edpico a\u00f1o escolar 2020-2021 con m\u00e1s de dos millones ochocientos mil estudiantes del sector p\u00fablico y privado. Durante ese mes se mantuvo horario anterior de toque de queda. Se ratifica y mantiene el uso obligatorio de mascarillas como medida esencial para controlar la propagaci\u00f3n de la COVID-19.<\/p>\n<p><strong>Diciembre 2020<\/strong><br \/>\n<strong>Aprietan toque de queda<\/strong><\/p>\n<p>Se establece un horario de 7:00 p.m. a 5:00 a.m. para el Distrito Nacional, Santo Domingo, Santiago, Duarte, La Vega y Puerto Plata. Mientras en el resto del pa\u00eds, reg\u00eda de lunes a viernes de 9:00 p.m. a 5:00 a.m. s\u00e1bados, domingos y feriados de 7:00 p.m. a 5:00 a.m. Inicialmente se otorg\u00f3 una gracia hasta las 9:00 p.m. para transitar, la cual fue eliminada para el 31 de ese mes, debido al incremento de los casos<\/p>\n<p><strong>Enero 2021<\/strong><br \/>\n<strong>Ajustan los horarios<\/strong><\/p>\n<p>Del 1 de enero hasta el 10 la restricci\u00f3n del tr\u00e1nsito iniciaba de 5:00 p.m. a 5:00 a. m., de lunes a viernes, con dos horas de libre tr\u00e1nsito. Para los s\u00e1bados 2 y 9, as\u00ed como los domingos 3 y 10, desde la 12:00 del mediod\u00eda hasta las 5:00 a. m. Mediante el decreto 7-21, con vigencia hasta el 26 de enero, se llev\u00f3 a tres horas el libre tr\u00e1nsito. S\u00e1bados y domingos la medida comenzaba a las 12:00 p.m.<\/p>\n<p><strong>Febrero 2021<\/strong><br \/>\n<strong>Inician vacunaci\u00f3n<\/strong><\/p>\n<p>Gobierno recibe primeras vacuna e inicia Plan Nacional de Vacunaci\u00f3n contra la covid-19, con el cual busca inocular este a\u00f1o a 7.8 millones de personas, priorizando al personal de salud y docente as\u00ed como a adultos mayores. Con la aplicaci\u00f3n de la primera vacuna Covishield en territorio dominicano, comenz\u00f3 la jornada el pasado 16 de febrero.<\/p>\n<p><strong>Marzo 2021<\/strong><br \/>\n<strong>Medidas flexibilizadas<\/strong><\/p>\n<p>Con m\u00e1s de 600 mil vacunados contra la covid-19, el gobierno flexibiliza algunas medidas que anteriormente fueron endurecidas para aplanar la curva de contagios. El toque de queda que rige es de lunes a viernes, de 9:00 p.m. a 5:00 a.m. S\u00e1bados y domingos desde las 7:00 p.m. hasta las 5:00 a.m, con una gracia de libre circulaci\u00f3n de tres horas adicionales.<\/p>\n<p>Por: Diana Rodr\u00edguez El Caribe<\/p>\n","protected":false},"excerpt":{"rendered":"<p>Desde el cierre de las actividades comerciales hasta inicio del plan de vacunaci\u00f3n: entre las acciones para superar la crisis por la covid-19 El estado de emergencia podr\u00e1 declararse cuando ocurran hechos que perturben o amenacen con perturbar en forma grave e inminente el orden econ\u00f3mico, social, medioambiental del pa\u00eds, o que constituyan calamidad p\u00fablica. As\u00ed reza el art\u00edculo 265 de la Constituci\u00f3n dominicana, evocado en el decreto 134-20, del 19 de marzo del 2020, que declara el primer estado de excepci\u00f3n de ese a\u00f1o, para afrontar la covid-19, cuando&hellip;<\/p>\n","protected":false},"author":2,"featured_media":1467,"comment_status":"open","ping_status":"open","sticky":false,"template":"","format":"standard","meta":{"rop_custom_images_group":[],"rop_custom_messages_group":[],"rop_publish_now":"initial","rop_publish_now_accounts":[],"rop_publish_now_history":[],"rop_publish_now_status":"pending","footnotes":""},"categories":[23],"tags":[],"class_list":["post-1460","post","type-post","status-publish","format-standard","has-post-thumbnail","hentry","category-pais"],"_links":{"self":[{"href":"https:\/\/larepublicanews.com.do\/live\/wp-json\/wp\/v2\/posts\/1460","targetHints":{"allow":["GET"]}}],"collection":[{"href":"https:\/\/larepublicanews.com.do\/live\/wp-json\/wp\/v2\/posts"}],"about":[{"href":"https:\/\/larepublicanews.com.do\/live\/wp-json\/wp\/v2\/types\/post"}],"author":[{"embeddable":true,"href":"https:\/\/larepublicanews.com.do\/live\/wp-json\/wp\/v2\/users\/2"}],"replies":[{"embeddable":true,"href":"https:\/\/larepublicanews.com.do\/live\/wp-json\/wp\/v2\/comments?post=1460"}],"version-history":[{"count":1,"href":"https:\/\/larepublicanews.com.do\/live\/wp-json\/wp\/v2\/posts\/1460\/revisions"}],"predecessor-version":[{"id":1468,"href":"https:\/\/larepublicanews.com.do\/live\/wp-json\/wp\/v2\/posts\/1460\/revisions\/1468"}],"wp:featuredmedia":[{"embeddable":true,"href":"https:\/\/larepublicanews.com.do\/live\/wp-json\/wp\/v2\/media\/1467"}],"wp:attachment":[{"href":"https:\/\/larepublicanews.com.do\/live\/wp-json\/wp\/v2\/media?parent=1460"}],"wp:term":[{"taxonomy":"category","embeddable":true,"href":"https:\/\/larepublicanews.com.do\/live\/wp-json\/wp\/v2\/categories?post=1460"},{"taxonomy":"post_tag","embeddable":true,"href":"https:\/\/larepublicanews.com.do\/live\/wp-json\/wp\/v2\/tags?post=1460"}],"curies":[{"name":"wp","href":"https:\/\/api.w.org\/{rel}","templated":true}]}}