{"id":1445,"date":"2021-03-17T21:44:29","date_gmt":"2021-03-17T21:44:29","guid":{"rendered":"https:\/\/larepublicanews.com.do\/live\/?p=1445"},"modified":"2021-03-17T21:44:29","modified_gmt":"2021-03-17T21:44:29","slug":"planean-adelantar-comienzo-oficial-de-la-temporada-de-huracanes","status":"publish","type":"post","link":"https:\/\/larepublicanews.com.do\/live\/planean-adelantar-comienzo-oficial-de-la-temporada-de-huracanes\/","title":{"rendered":"Planean adelantar comienzo oficial de la temporada de huracanes"},"content":{"rendered":"<div class=\"paragraph\">\n<p>Con las tormentas nombradas llegando m\u00e1s temprano y m\u00e1s a menudo en aguas m\u00e1s c\u00e1lidas, algunas presunciones sobre la temporada de huracanes del Atl\u00e1ntico est\u00e1n siendo reconsideradas.<\/p>\n<p>Por seis a\u00f1os consecutivos, las tormentas en el Atl\u00e1ntico han sido nombradas en mayo, antes del comienzo de la temporada. Este mi\u00e9rcoles, un panel especial de la Organizaci\u00f3n Mundial de Meteorolog\u00eda<b>\u00a0discute si el comienzo de la temporada de huracanes debe ser adelantado dos semanas.<\/b>\u00a0El Centro Nacional de Huracanes de Estados Unidos decidi\u00f3 ya comenzar a emitir sus panoramas usuales de tormentas tropicales para el Atl\u00e1ntico el 15 de mayo.<\/p>\n<p>Mientras tanto, la Oficina Nacional de Administraci\u00f3n Oce\u00e1nica y Atmosf\u00e9rica (NOAA) est\u00e1 recalculando lo que constituye una temporada de huracanes promedio. Si sigue la usual actualizaci\u00f3n de 30 a\u00f1os del modelo, la nueva temporada \u201cnormal\u201d tendr\u00eda 19% m\u00e1s tormentas nombradas y huracanes grandes. Y expertos prominentes quieren que los meteor\u00f3logos reconsideren c\u00f3mo les advierten a las personas sobre tormentas m\u00e1s intensas y lluviosas en el contexto del calentamiento atmosf\u00e9rico.<\/p>\n<div class=\"in-content-info 3 0\"><\/div>\n<div class=\"in-content\"><\/div>\n<\/div>\n<div class=\"Nota_incrustada NA24067569\">\n<div class=\"mb-2 pt-2 pb-3 img-title-info h-xs-auto bg-transparent nota-inclustada-generica\">\n<blockquote><p><span class=\"sup_title\">TE PUEDE INTERESAR<\/span><\/p>\n<h3 class=\"mx-2\"><span class=\"priority-content\">Ciclones tropicales est\u00e1n acerc\u00e1ndose m\u00e1s a tierra, seg\u00fan estudio<\/span><\/h3>\n<\/blockquote>\n<\/div>\n<\/div>\n<div class=\"paragraph\">\n<p>\u201cEl cambio clim\u00e1tico es real y est\u00e1 teniendo un impacto en los ciclones tropicales\u201d, dijo la cient\u00edfica atmosf\u00e9rica de la Universidad de Albany, Nueva York, Kristen Corbosiero.<\/p>\n<div class=\"in-content-info w-100 blueconic-content 4 0\"><\/div>\n<p>El estudioso de huracanes de MIT Kerry Emanuel dijo que \u201cla idea de temporadas de huracanes debe ser reexaminada\u201d.<\/p>\n<p>Durante las \u00faltimas nueve temporadas en el Atl\u00e1ntico, siete tormentas tropicales se han formado entre el 15 de mayo y el arranque oficial el 1 de junio. Esas tormentas han dejado al menos 20 muertos y unos 200 millones de d\u00f3lares en da\u00f1os, de acuerdo con la organizaci\u00f3n mundial. Por ello, va a discutir adelantar el comienzo de la temporada y probablemente comisionar un estudio para adoptar una nueva temporada.<\/p>\n<p><b>El a\u00f1o pasado, el centro de huracanes emiti\u00f3 36 pron\u00f3sticos \u201cespeciales\u201d de tormentas tropicales antes del 1 de junio, de acuerdo con el portavoz Dennis Feltgen.<\/b>\u00a0Las tormentas tropicales Arthur y Bertha se formaron antes del 1 de junio cerca de los estados de Carolina del Norte y del Sur.<\/p>\n<p>\u201cLa temporada de huracanes ha cambiado varias veces desde que el concepto de una temporada de huracanes fue imaginado\u201d, pero no desde 1965, dijo el experto de la Universidad de Miami Brian McNoldy. \u201cPienso que no hay da\u00f1o en incluir el arranque el 15 de mayo\u201d.<\/p>\n<p>Por: Diario Libre<\/p>\n<\/div>\n","protected":false},"excerpt":{"rendered":"<p>Con las tormentas nombradas llegando m\u00e1s temprano y m\u00e1s a menudo en aguas m\u00e1s c\u00e1lidas, algunas presunciones sobre la temporada de huracanes del Atl\u00e1ntico est\u00e1n siendo reconsideradas. Por seis a\u00f1os consecutivos, las tormentas en el Atl\u00e1ntico han sido nombradas en mayo, antes del comienzo de la temporada. Este mi\u00e9rcoles, un panel especial de la Organizaci\u00f3n Mundial de Meteorolog\u00eda\u00a0discute si el comienzo de la temporada de huracanes debe ser adelantado dos semanas.\u00a0El Centro Nacional de Huracanes de Estados Unidos decidi\u00f3 ya comenzar a emitir sus panoramas usuales de tormentas tropicales para&hellip;<\/p>\n","protected":false},"author":2,"featured_media":1453,"comment_status":"open","ping_status":"open","sticky":false,"template":"","format":"standard","meta":{"rop_custom_images_group":[],"rop_custom_messages_group":[],"rop_publish_now":"initial","rop_publish_now_accounts":[],"rop_publish_now_history":[],"rop_publish_now_status":"pending","footnotes":""},"categories":[49],"tags":[],"class_list":["post-1445","post","type-post","status-publish","format-standard","has-post-thumbnail","hentry","category-clima"],"_links":{"self":[{"href":"https:\/\/larepublicanews.com.do\/live\/wp-json\/wp\/v2\/posts\/1445","targetHints":{"allow":["GET"]}}],"collection":[{"href":"https:\/\/larepublicanews.com.do\/live\/wp-json\/wp\/v2\/posts"}],"about":[{"href":"https:\/\/larepublicanews.com.do\/live\/wp-json\/wp\/v2\/types\/post"}],"author":[{"embeddable":true,"href":"https:\/\/larepublicanews.com.do\/live\/wp-json\/wp\/v2\/users\/2"}],"replies":[{"embeddable":true,"href":"https:\/\/larepublicanews.com.do\/live\/wp-json\/wp\/v2\/comments?post=1445"}],"version-history":[{"count":1,"href":"https:\/\/larepublicanews.com.do\/live\/wp-json\/wp\/v2\/posts\/1445\/revisions"}],"predecessor-version":[{"id":1454,"href":"https:\/\/larepublicanews.com.do\/live\/wp-json\/wp\/v2\/posts\/1445\/revisions\/1454"}],"wp:featuredmedia":[{"embeddable":true,"href":"https:\/\/larepublicanews.com.do\/live\/wp-json\/wp\/v2\/media\/1453"}],"wp:attachment":[{"href":"https:\/\/larepublicanews.com.do\/live\/wp-json\/wp\/v2\/media?parent=1445"}],"wp:term":[{"taxonomy":"category","embeddable":true,"href":"https:\/\/larepublicanews.com.do\/live\/wp-json\/wp\/v2\/categories?post=1445"},{"taxonomy":"post_tag","embeddable":true,"href":"https:\/\/larepublicanews.com.do\/live\/wp-json\/wp\/v2\/tags?post=1445"}],"curies":[{"name":"wp","href":"https:\/\/api.w.org\/{rel}","templated":true}]}}