{"id":1444,"date":"2021-03-17T21:41:45","date_gmt":"2021-03-17T21:41:45","guid":{"rendered":"https:\/\/larepublicanews.com.do\/live\/?p=1444"},"modified":"2021-03-17T21:41:45","modified_gmt":"2021-03-17T21:41:45","slug":"autoridades-se-reuniran-con-los-rectores-de-las-universidades-para-analizar-el-retorno-a-la-presencialidad","status":"publish","type":"post","link":"https:\/\/larepublicanews.com.do\/live\/autoridades-se-reuniran-con-los-rectores-de-las-universidades-para-analizar-el-retorno-a-la-presencialidad\/","title":{"rendered":"Autoridades se reunir\u00e1n con los rectores de las universidades para analizar el retorno a la presencialidad"},"content":{"rendered":"<p>El ministro de Educaci\u00f3n Superior, Franklin Garc\u00eda Ferm\u00edn, inform\u00f3 que el pr\u00f3ximo lunes 22 de marzo sostendr\u00e1 una reuni\u00f3n con todos los rectores de las universidades del pa\u00eds, con el prop\u00f3sito de estudiar un posible retorno a la docencia presencial en el nivel universitario.<\/p>\n<p>El funcionario manifest\u00f3 que desde noviembre, la entidad que dirige ha estado discutiendo el regreso a las aulas con los actores del sistema.<\/p>\n<p>\u201cEmpezamos en noviembre, los hemos convocado a un taller para continuar discutiendo la apertura (\u2026), porque todo lo hacemos en base al consenso, escuchando a los actores del sistema que son las universidades\u201d, indic\u00f3.<\/p>\n<p>Expuso que diciembre y enero fueron dos meses donde el Covid se propag\u00f3 vertiginosamente, asegurando que el aumento de contagios de la enfermedad oblig\u00f3 a que el proceso de reapertura se detuviera.<\/p>\n<p>Declar\u00f3 que en este momento est\u00e1 bajando la propagaci\u00f3n del virus; sin embargo, se\u00f1al\u00f3 que a\u00fan no es tiempo de acelerar el retorno a las academias superiores, dijo que lo conveniente es ir observando el comportamiento del virus Sars Cov 2 para ponderar una apertura.<\/p>\n<p>Indic\u00f3 que ya no volver\u00e1 a la presencialidad y que el modelo de clases virtual\u00a0 lleg\u00f3 para quedarse. \u201cHacia el futuro, lo que podemos prever es que la docencia ser\u00e1 semipresencial\u201d.<\/p>\n<p>El titular de la Mescyt se expres\u00f3 en estos t\u00e9rminos, al anunciar la convocatoria de m\u00e1s de 4 mil becas nacionales para estudiar en los programas de formaci\u00f3n universitaria en los niveles t\u00e9cnico superior, grado y posgrado.<\/p>\n<p>Por: Luis Silva de El caribe<\/p>\n","protected":false},"excerpt":{"rendered":"<p>El ministro de Educaci\u00f3n Superior, Franklin Garc\u00eda Ferm\u00edn, inform\u00f3 que el pr\u00f3ximo lunes 22 de marzo sostendr\u00e1 una reuni\u00f3n con todos los rectores de las universidades del pa\u00eds, con el prop\u00f3sito de estudiar un posible retorno a la docencia presencial en el nivel universitario. El funcionario manifest\u00f3 que desde noviembre, la entidad que dirige ha estado discutiendo el regreso a las aulas con los actores del sistema. \u201cEmpezamos en noviembre, los hemos convocado a un taller para continuar discutiendo la apertura (\u2026), porque todo lo hacemos en base al consenso,&hellip;<\/p>\n","protected":false},"author":2,"featured_media":1451,"comment_status":"open","ping_status":"open","sticky":false,"template":"","format":"standard","meta":{"rop_custom_images_group":[],"rop_custom_messages_group":[],"rop_publish_now":"initial","rop_publish_now_accounts":[],"rop_publish_now_history":[],"rop_publish_now_status":"pending","footnotes":""},"categories":[46,56],"tags":[],"class_list":["post-1444","post","type-post","status-publish","format-standard","has-post-thumbnail","hentry","category-covid-19","category-educacion"],"_links":{"self":[{"href":"https:\/\/larepublicanews.com.do\/live\/wp-json\/wp\/v2\/posts\/1444","targetHints":{"allow":["GET"]}}],"collection":[{"href":"https:\/\/larepublicanews.com.do\/live\/wp-json\/wp\/v2\/posts"}],"about":[{"href":"https:\/\/larepublicanews.com.do\/live\/wp-json\/wp\/v2\/types\/post"}],"author":[{"embeddable":true,"href":"https:\/\/larepublicanews.com.do\/live\/wp-json\/wp\/v2\/users\/2"}],"replies":[{"embeddable":true,"href":"https:\/\/larepublicanews.com.do\/live\/wp-json\/wp\/v2\/comments?post=1444"}],"version-history":[{"count":1,"href":"https:\/\/larepublicanews.com.do\/live\/wp-json\/wp\/v2\/posts\/1444\/revisions"}],"predecessor-version":[{"id":1452,"href":"https:\/\/larepublicanews.com.do\/live\/wp-json\/wp\/v2\/posts\/1444\/revisions\/1452"}],"wp:featuredmedia":[{"embeddable":true,"href":"https:\/\/larepublicanews.com.do\/live\/wp-json\/wp\/v2\/media\/1451"}],"wp:attachment":[{"href":"https:\/\/larepublicanews.com.do\/live\/wp-json\/wp\/v2\/media?parent=1444"}],"wp:term":[{"taxonomy":"category","embeddable":true,"href":"https:\/\/larepublicanews.com.do\/live\/wp-json\/wp\/v2\/categories?post=1444"},{"taxonomy":"post_tag","embeddable":true,"href":"https:\/\/larepublicanews.com.do\/live\/wp-json\/wp\/v2\/tags?post=1444"}],"curies":[{"name":"wp","href":"https:\/\/api.w.org\/{rel}","templated":true}]}}