{"id":1432,"date":"2021-03-17T11:26:20","date_gmt":"2021-03-17T11:26:20","guid":{"rendered":"https:\/\/larepublicanews.com.do\/live\/?p=1432"},"modified":"2021-03-17T11:26:20","modified_gmt":"2021-03-17T11:26:20","slug":"banco-central-economia-dominicana-cayo-un-1-8-en-enero","status":"publish","type":"post","link":"https:\/\/larepublicanews.com.do\/live\/banco-central-economia-dominicana-cayo-un-1-8-en-enero\/","title":{"rendered":"Banco Central: Econom\u00eda dominicana cay\u00f3 un 1.8% en enero"},"content":{"rendered":"<div class=\"paragraph\">\n<p>La econom\u00eda dominicana sigue bajo el impacto de la pandemia. El Banco Central report\u00f3 este martes que el \u00cdndice Mensual de Actividad Econ\u00f3mica (IMAE) retrocedi\u00f3 1.8 % en enero, una ca\u00edda que super\u00f3 la de diciembre, de -1 %.<\/p>\n<p>En enero, se endurecieron las medidas para restringir la movilidad, lo que buscaba frenar la propagaci\u00f3n del COVID-19 en el pa\u00eds. Un toque de queda m\u00e1s estricto incidi\u00f3 en el resultado de enero, con el que se acumulan 11 meses consecutivos de ca\u00edda econ\u00f3mico.<\/p>\n<p>El a\u00f1o pasado, la econom\u00eda dominicana retrocedi\u00f3 un 6.7 %, lo que gener\u00f3 p\u00e9rdidas de empleos y aumento de la exclusi\u00f3n social.<\/p>\n<div class=\"in-content-info 3 0\"><\/div>\n<div class=\"in-content\"><\/div>\n<p>La pobreza monetaria aument\u00f3 en el pa\u00eds, y los avances que se hab\u00edan registrado desde el a\u00f1o 2017 se esfumaron. La crisis econ\u00f3mica, provocada por el COVID-19, llev\u00f3 la tasa de pobreza extrema a 3.5 % al cierre del a\u00f1o pasado, un nivel que no se registraba desde 2017, cuando la exclusi\u00f3n social m\u00e1s grave afectaba a 3.8 % de la poblaci\u00f3n.<\/p>\n<div class=\"in-content-info w-100 blueconic-content 4 0\"><\/div>\n<\/div>\n<div class=\"entretitulo\">El avance borrado<\/div>\n<div class=\"paragraph\">\n<p>El \u201cBolet\u00edn de Estad\u00edsticas Oficiales de Pobreza Monetaria 2020\u201d, elaborado por el Ministerio de Econom\u00eda, Planificaci\u00f3n y Desarrollo (Mepyd), reporta que, al culminar el a\u00f1o pasado, hab\u00edan 90,175 m\u00e1s pobres en situaci\u00f3n extrema que un a\u00f1o atr\u00e1s, con lo que la poblaci\u00f3n m\u00e1s empobrecida sum\u00f3 unas 366,484 personas.<\/p>\n<p>La tasa de pobreza general, que termin\u00f3 el a\u00f1o pasado en 23.4 %, super\u00f3 el nivel de 2018, cuando un 22.8 % de la poblaci\u00f3n estaba en situaci\u00f3n de exclusi\u00f3n social, de acuerdo a la investigaci\u00f3n.<\/p>\n<p>\u201cLa pobreza monetaria general aument\u00f3 en 2.4 puntos porcentuales. Esto implica, en t\u00e9rminos absolutos, que 268,515 habitantes de la Rep\u00fablica Dominicana cayeron en la pobreza general\u201d, dice el estudio, seg\u00fan el cual, el n\u00famero total de pobres fue de 2.44 millones en 2020.<\/p>\n<p>Las medidas sanitarias, para frenar el avance de la pandemia, provocaron una desaceleraci\u00f3n econ\u00f3mica, la p\u00e9rdida de puestos de trabajo, as\u00ed como la disminuci\u00f3n de los ingresos laborales y, por lo tanto, aumentos en la cantidad de personas que viven en condici\u00f3n de pobreza monetaria.<\/p>\n<\/div>\n<div class=\"entretitulo\">Se perdieron 277,000 puestos de trabajo<\/div>\n<div class=\"paragraph\">\n<p>Unos 277,000 trabajadores perdieron sus empleos en 2020, lo que ocasion\u00f3 la ca\u00edda del ingreso laboral en el pa\u00eds.<\/p>\n<p>Los datos, publicados en el referido Bolet\u00edn, las mujeres han sido las m\u00e1s afectadas por la crisis del COVID-19.<\/p>\n<p>Las dominicanas perdieron el 7.5 % de sus empleos, y los hombres el 4.9 %. Junto a la ca\u00edda del empleo femenino, se produjo un alza de las que no buscan empleo; 58 % de los nuevos inactivos fueron mujeres, siendo el principal motivo el trabajo de cuidado no remunerado.<\/p>\n<p>Las estad\u00edsticas oficiales del Ministerio de Econom\u00eda, Planificaci\u00f3n y Desarrollo indican que, entre 2019 y 2020, las mujeres con ingresos por debajo de la l\u00ednea de pobreza general pasaron de ser del 22 % a un 24.6 %.<\/p>\n<\/div>\n<div id=\"container-1598658\" class=\"mt-3 mb-4 p-3 insert_headline content-capsule\">\n<div class=\"share-btn visible-md-up hidden-sm-down\" data-share-target=\"1598658\"><img decoding=\"async\" class=\"mx-auto share-icon\" src=\"https:\/\/assets.diariolibre.com\/img\/icon\/icon-share-arrow.png\" \/><\/div>\n<div class=\"insertBlock\">\n<div class=\"insert_title\">La inactividad por g\u00e9neros<\/div>\n<div class=\"Insert_text\">\n<p>El Mepyd explica que 414,000 personas cayeron en situaci\u00f3n de inactividad laboral en 2020, de las cuales, unas 242,000 fueron mujeres y 172,000 hombres. Adem\u00e1s, de cada 10 personas en edad de trabajar que se encontraban inactivas, siete eran mujeres. Entre los hombres, la raz\u00f3n principal para no buscar empleo fueron los estudios y, en las mujeres, las responsabilidades familiares.<\/p>\n<p>Por: Diario Libre<\/p>\n<\/div>\n<\/div>\n<\/div>\n","protected":false},"excerpt":{"rendered":"<p>La econom\u00eda dominicana sigue bajo el impacto de la pandemia. El Banco Central report\u00f3 este martes que el \u00cdndice Mensual de Actividad Econ\u00f3mica (IMAE) retrocedi\u00f3 1.8 % en enero, una ca\u00edda que super\u00f3 la de diciembre, de -1 %. En enero, se endurecieron las medidas para restringir la movilidad, lo que buscaba frenar la propagaci\u00f3n del COVID-19 en el pa\u00eds. Un toque de queda m\u00e1s estricto incidi\u00f3 en el resultado de enero, con el que se acumulan 11 meses consecutivos de ca\u00edda econ\u00f3mico. El a\u00f1o pasado, la econom\u00eda dominicana retrocedi\u00f3&hellip;<\/p>\n","protected":false},"author":2,"featured_media":1439,"comment_status":"open","ping_status":"open","sticky":false,"template":"","format":"standard","meta":{"rop_custom_images_group":[],"rop_custom_messages_group":[],"rop_publish_now":"initial","rop_publish_now_accounts":[],"rop_publish_now_history":[],"rop_publish_now_status":"pending","footnotes":""},"categories":[10],"tags":[],"class_list":["post-1432","post","type-post","status-publish","format-standard","has-post-thumbnail","hentry","category-economia"],"_links":{"self":[{"href":"https:\/\/larepublicanews.com.do\/live\/wp-json\/wp\/v2\/posts\/1432","targetHints":{"allow":["GET"]}}],"collection":[{"href":"https:\/\/larepublicanews.com.do\/live\/wp-json\/wp\/v2\/posts"}],"about":[{"href":"https:\/\/larepublicanews.com.do\/live\/wp-json\/wp\/v2\/types\/post"}],"author":[{"embeddable":true,"href":"https:\/\/larepublicanews.com.do\/live\/wp-json\/wp\/v2\/users\/2"}],"replies":[{"embeddable":true,"href":"https:\/\/larepublicanews.com.do\/live\/wp-json\/wp\/v2\/comments?post=1432"}],"version-history":[{"count":1,"href":"https:\/\/larepublicanews.com.do\/live\/wp-json\/wp\/v2\/posts\/1432\/revisions"}],"predecessor-version":[{"id":1440,"href":"https:\/\/larepublicanews.com.do\/live\/wp-json\/wp\/v2\/posts\/1432\/revisions\/1440"}],"wp:featuredmedia":[{"embeddable":true,"href":"https:\/\/larepublicanews.com.do\/live\/wp-json\/wp\/v2\/media\/1439"}],"wp:attachment":[{"href":"https:\/\/larepublicanews.com.do\/live\/wp-json\/wp\/v2\/media?parent=1432"}],"wp:term":[{"taxonomy":"category","embeddable":true,"href":"https:\/\/larepublicanews.com.do\/live\/wp-json\/wp\/v2\/categories?post=1432"},{"taxonomy":"post_tag","embeddable":true,"href":"https:\/\/larepublicanews.com.do\/live\/wp-json\/wp\/v2\/tags?post=1432"}],"curies":[{"name":"wp","href":"https:\/\/api.w.org\/{rel}","templated":true}]}}