{"id":1426,"date":"2021-03-17T00:24:40","date_gmt":"2021-03-17T00:24:40","guid":{"rendered":"https:\/\/larepublicanews.com.do\/live\/?p=1426"},"modified":"2021-03-17T00:24:40","modified_gmt":"2021-03-17T00:24:40","slug":"elias-serulle-y-la-diputada-lourdes-aybar-se-juramentan-en-fuerza-del-pueblo","status":"publish","type":"post","link":"https:\/\/larepublicanews.com.do\/live\/elias-serulle-y-la-diputada-lourdes-aybar-se-juramentan-en-fuerza-del-pueblo\/","title":{"rendered":"El\u00edas Serulle y la diputada Lourdes Aybar se juramentan en Fuerza del Pueblo"},"content":{"rendered":"<p>&nbsp;<\/p>\n<p>Santo Domingo.- El exdiputado y dirigente pol\u00edtico, El\u00edas Serulle, pas\u00f3 a formar parte del Partido Fuerza del Pueblo, que lidera el expresidente de la rep\u00fablica Leonel Fern\u00e1ndez, luego que la semana pasada anunciara su salida del Partido de la Liberaci\u00f3n Dominicana (PLD), tras 27 a\u00f1os de militancia y figurando en la actualidad como miembro del Comit\u00e9 Central de esa organizaci\u00f3n.<!--more--><\/p>\n<p>En la actividad celebrada en un hotel de la capital la tarde de hoy, tambi\u00e9n se dio cita para tomar juramento en FP, la actual diputada y esposa de Serulle, Lourdes Aybar, ampliando de esta manera a 14 la matr\u00edcula legislativa de Fuerza del Pueblo en la C\u00e1mara de Diputados, y dejando al PLD sin un solo congresista que represente la circunscripci\u00f3n No. 2, del Distrito Nacional, pues meses antes tambi\u00e9n hab\u00eda renunciado y pasado a FP, el diputado Tob\u00edas Crespo.<\/p>\n<p>Conjuntamente con la pareja de pol\u00edticos, se jurament\u00f3 el exmiembro del Comit\u00e9 Central del PLD, Manuel Ernesto Fabi\u00e1n (Junior), y 21 presidentes de comit\u00e9s intermedios renunciantes de la organizaci\u00f3n morada, sobrepasando ya m\u00e1s de 40 dirigentes que han salido con destino a Fuerza del Pueblo, de los 65 que exist\u00edan en esa demarcaci\u00f3n electoral de la capital.<\/p>\n<p>Entre los presidente de intermedios se encuentran: Rafael Ch\u00e1vez, Pedro Rodr\u00edguez, Rafael N\u00fa\u00f1ez, Alida Paulino, Manuel Fr\u00edas, Napole\u00f3n D\u00edaz, Miladys Correa, Zacar\u00edas Lebr\u00f3n, Eulogia V\u00e1zquez, Feliciando Almanzar, Leonelis Cuevas, V\u00edctor Cuevas, Francisco Santana, Ygnacio Ram\u00edrez, Rosalbania Beco, Mar\u00eda Peguero, Pedro Flores, Quirino Guzm\u00e1n, Juan Carlos Contreras, entre otros.<\/p>\n<p>Los nuevos pueblistas fueron juramentados por el presidente de esa organizaci\u00f3n pol\u00edtica, Leonel Fern\u00e1ndez, quien en un breve discurso les dijo que ya esto no se detiene, y adelant\u00f3 que este mi\u00e9rcoles juramentar\u00e1n otro diputado y m\u00e1s peledeistas en Santiago, \u201cMa\u00f1ana estaremos en Santiago tambi\u00e9n juramentando un diputado y varios altos dirigentes del PLD que ingresan a la Fuerza del<\/p>\n<p>Secretar\u00eda de Comunicaci\u00f3n<br \/>\nFuerza del Pueblo<\/p>\n","protected":false},"excerpt":{"rendered":"<p>&nbsp; Santo Domingo.- El exdiputado y dirigente pol\u00edtico, El\u00edas Serulle, pas\u00f3 a formar parte del Partido Fuerza del Pueblo, que lidera el expresidente de la rep\u00fablica Leonel Fern\u00e1ndez, luego que la semana pasada anunciara su salida del Partido de la Liberaci\u00f3n Dominicana (PLD), tras 27 a\u00f1os de militancia y figurando en la actualidad como miembro del Comit\u00e9 Central de esa organizaci\u00f3n.<\/p>\n","protected":false},"author":2,"featured_media":1428,"comment_status":"open","ping_status":"open","sticky":false,"template":"","format":"standard","meta":{"rop_custom_images_group":[],"rop_custom_messages_group":[],"rop_publish_now":"initial","rop_publish_now_accounts":[],"rop_publish_now_history":[],"rop_publish_now_status":"pending","footnotes":""},"categories":[20],"tags":[],"class_list":["post-1426","post","type-post","status-publish","format-standard","has-post-thumbnail","hentry","category-leonel-fernandez"],"_links":{"self":[{"href":"https:\/\/larepublicanews.com.do\/live\/wp-json\/wp\/v2\/posts\/1426","targetHints":{"allow":["GET"]}}],"collection":[{"href":"https:\/\/larepublicanews.com.do\/live\/wp-json\/wp\/v2\/posts"}],"about":[{"href":"https:\/\/larepublicanews.com.do\/live\/wp-json\/wp\/v2\/types\/post"}],"author":[{"embeddable":true,"href":"https:\/\/larepublicanews.com.do\/live\/wp-json\/wp\/v2\/users\/2"}],"replies":[{"embeddable":true,"href":"https:\/\/larepublicanews.com.do\/live\/wp-json\/wp\/v2\/comments?post=1426"}],"version-history":[{"count":1,"href":"https:\/\/larepublicanews.com.do\/live\/wp-json\/wp\/v2\/posts\/1426\/revisions"}],"predecessor-version":[{"id":1429,"href":"https:\/\/larepublicanews.com.do\/live\/wp-json\/wp\/v2\/posts\/1426\/revisions\/1429"}],"wp:featuredmedia":[{"embeddable":true,"href":"https:\/\/larepublicanews.com.do\/live\/wp-json\/wp\/v2\/media\/1428"}],"wp:attachment":[{"href":"https:\/\/larepublicanews.com.do\/live\/wp-json\/wp\/v2\/media?parent=1426"}],"wp:term":[{"taxonomy":"category","embeddable":true,"href":"https:\/\/larepublicanews.com.do\/live\/wp-json\/wp\/v2\/categories?post=1426"},{"taxonomy":"post_tag","embeddable":true,"href":"https:\/\/larepublicanews.com.do\/live\/wp-json\/wp\/v2\/tags?post=1426"}],"curies":[{"name":"wp","href":"https:\/\/api.w.org\/{rel}","templated":true}]}}