{"id":1419,"date":"2021-03-16T20:58:09","date_gmt":"2021-03-16T20:58:09","guid":{"rendered":"https:\/\/larepublicanews.com.do\/live\/?p=1419"},"modified":"2021-03-16T20:58:09","modified_gmt":"2021-03-16T20:58:09","slug":"senador-dajabon-opuesto-a-construccion-del-muro-en-la-frontera","status":"publish","type":"post","link":"https:\/\/larepublicanews.com.do\/live\/senador-dajabon-opuesto-a-construccion-del-muro-en-la-frontera\/","title":{"rendered":"Senador Dajab\u00f3n opuesto a construcci\u00f3n del muro en la frontera"},"content":{"rendered":"<p>Dajab\u00f3n.- El senador de esta provincia expres\u00f3 hoy que no est\u00e1 de acuerdo con la construcci\u00f3n de un muro en la zona fronteriza, porque eso no resolver\u00e1 el problema del contrabando en la regi\u00f3n.<\/p>\n<p>David Rafael Sosa consider\u00f3 que las acciones que el gobierno debe enfrentar es sacar a centenares de haitianos que se desplazan por todas las ciudades del pa\u00eds inclusive Dajab\u00f3n de forma irregular.<\/p>\n<p>El legislador fue claro en sus consideraciones diciendo \u00abla construcci\u00f3n de un muro, no resolver\u00e1 el problema del tr\u00e1fico de indocumentados y mercanc\u00eda de manera irregular por Dajab\u00f3n\u00bb.<\/p>\n<p>El anuncio de la construcci\u00f3n de un muro en la frontera lo hizo el presidente de la Rep\u00fablica, Luis Abinader, ante la Asamblea Nacional, el pasado 27 de febrero anunciando que construir\u00e1 una l\u00ednea divisoria entre Rep\u00fablica Dominicana y Hait\u00ed, la cual incluir\u00e1 todos los medios f\u00edsicos y tecnol\u00f3gicos para controlar las ilegalidades que ocurren en la frontera entre ambos pa\u00edses.<\/p>\n<p>El presidente agreg\u00f3 que en un plazo de dos a\u00f1os, quiere poner fin a los graves problemas de inmigraci\u00f3n ilegal, narcotr\u00e1fico y transito de veh\u00edculos robados que padecemos desde hace a\u00f1os y lograr la protecci\u00f3n de nuestra integridad territorial que llevamos buscando desde nuestra independencia.<\/p>\n<p>El legislador Sosa es miembro de la Fuerza de Pueblo, partido que preside expresidente Leonel Fern\u00e1ndez.<\/p>\n<p>Por: Javier Genao de El nacional<\/p>\n","protected":false},"excerpt":{"rendered":"<p>Dajab\u00f3n.- El senador de esta provincia expres\u00f3 hoy que no est\u00e1 de acuerdo con la construcci\u00f3n de un muro en la zona fronteriza, porque eso no resolver\u00e1 el problema del contrabando en la regi\u00f3n. David Rafael Sosa consider\u00f3 que las acciones que el gobierno debe enfrentar es sacar a centenares de haitianos que se desplazan por todas las ciudades del pa\u00eds inclusive Dajab\u00f3n de forma irregular. El legislador fue claro en sus consideraciones diciendo \u00abla construcci\u00f3n de un muro, no resolver\u00e1 el problema del tr\u00e1fico de indocumentados y mercanc\u00eda de&hellip;<\/p>\n","protected":false},"author":2,"featured_media":1420,"comment_status":"open","ping_status":"open","sticky":false,"template":"","format":"standard","meta":{"rop_custom_images_group":[],"rop_custom_messages_group":[],"rop_publish_now":"initial","rop_publish_now_accounts":[],"rop_publish_now_history":[],"rop_publish_now_status":"pending","footnotes":""},"categories":[51,24],"tags":[],"class_list":["post-1419","post","type-post","status-publish","format-standard","has-post-thumbnail","hentry","category-muro-fronterizo","category-politica"],"_links":{"self":[{"href":"https:\/\/larepublicanews.com.do\/live\/wp-json\/wp\/v2\/posts\/1419","targetHints":{"allow":["GET"]}}],"collection":[{"href":"https:\/\/larepublicanews.com.do\/live\/wp-json\/wp\/v2\/posts"}],"about":[{"href":"https:\/\/larepublicanews.com.do\/live\/wp-json\/wp\/v2\/types\/post"}],"author":[{"embeddable":true,"href":"https:\/\/larepublicanews.com.do\/live\/wp-json\/wp\/v2\/users\/2"}],"replies":[{"embeddable":true,"href":"https:\/\/larepublicanews.com.do\/live\/wp-json\/wp\/v2\/comments?post=1419"}],"version-history":[{"count":1,"href":"https:\/\/larepublicanews.com.do\/live\/wp-json\/wp\/v2\/posts\/1419\/revisions"}],"predecessor-version":[{"id":1421,"href":"https:\/\/larepublicanews.com.do\/live\/wp-json\/wp\/v2\/posts\/1419\/revisions\/1421"}],"wp:featuredmedia":[{"embeddable":true,"href":"https:\/\/larepublicanews.com.do\/live\/wp-json\/wp\/v2\/media\/1420"}],"wp:attachment":[{"href":"https:\/\/larepublicanews.com.do\/live\/wp-json\/wp\/v2\/media?parent=1419"}],"wp:term":[{"taxonomy":"category","embeddable":true,"href":"https:\/\/larepublicanews.com.do\/live\/wp-json\/wp\/v2\/categories?post=1419"},{"taxonomy":"post_tag","embeddable":true,"href":"https:\/\/larepublicanews.com.do\/live\/wp-json\/wp\/v2\/tags?post=1419"}],"curies":[{"name":"wp","href":"https:\/\/api.w.org\/{rel}","templated":true}]}}