{"id":1397,"date":"2021-03-16T11:38:25","date_gmt":"2021-03-16T11:38:25","guid":{"rendered":"https:\/\/larepublicanews.com.do\/live\/?p=1397"},"modified":"2021-03-16T11:38:25","modified_gmt":"2021-03-16T11:38:25","slug":"pronostico-de-hoy-chubascos-aislados","status":"publish","type":"post","link":"https:\/\/larepublicanews.com.do\/live\/pronostico-de-hoy-chubascos-aislados\/","title":{"rendered":"Pron\u00f3stico de hoy: chubascos aislados"},"content":{"rendered":"<p>La Oficina Nacional de Meteorolog\u00eda (Onamet) pronostica que hoy se registrar\u00e1n chubascos ampliamente aislados en localidades del Noreste, la llanura costera del Caribe y la cordillera Central; mientras que en el resto del pa\u00eds ser\u00e1n escasas las lluvias por la incidencia de una circulaci\u00f3n anticicl\u00f3nica.<\/p>\n<p>En cuanto a las condiciones mar\u00edtimas, prev\u00e9 que el oleaje se tornar\u00e1 anormal en la costa Caribe\u00f1a desde islas beata hasta Peravia.<\/p>\n<p>Las temperaturas estar\u00e1n frescas en la madrugada en la noche mayormente en \u00e1reas monta\u00f1osas y los valles del interior.<br \/>\nEn la provincia Santo Domingo y el Distrito Nacional habr\u00e1 nubes dispersas y r\u00e1fagas de viento espor\u00e1dicas; pero las lluvias ser\u00e1n escasas.<br \/>\nPara ma\u00f1ana mi\u00e9rcoles Onamet prev\u00e9 que se registrar\u00e1n lluvias dispersas, especialmente sobre localidades de las regiones Noreste, Sureste y la cordillera Central por la incidencia de un sistema frontal; en el resto de Rep\u00fablica Dominicana ser\u00e1n escasas las precipitaciones.<\/p>\n<p>Por: Hoy<\/p>\n","protected":false},"excerpt":{"rendered":"<p>La Oficina Nacional de Meteorolog\u00eda (Onamet) pronostica que hoy se registrar\u00e1n chubascos ampliamente aislados en localidades del Noreste, la llanura costera del Caribe y la cordillera Central; mientras que en el resto del pa\u00eds ser\u00e1n escasas las lluvias por la incidencia de una circulaci\u00f3n anticicl\u00f3nica. En cuanto a las condiciones mar\u00edtimas, prev\u00e9 que el oleaje se tornar\u00e1 anormal en la costa Caribe\u00f1a desde islas beata hasta Peravia. Las temperaturas estar\u00e1n frescas en la madrugada en la noche mayormente en \u00e1reas monta\u00f1osas y los valles del interior. En la provincia Santo&hellip;<\/p>\n","protected":false},"author":2,"featured_media":1407,"comment_status":"open","ping_status":"open","sticky":false,"template":"","format":"standard","meta":{"rop_custom_images_group":[],"rop_custom_messages_group":[],"rop_publish_now":"initial","rop_publish_now_accounts":[],"rop_publish_now_history":[],"rop_publish_now_status":"pending","footnotes":""},"categories":[49],"tags":[],"class_list":["post-1397","post","type-post","status-publish","format-standard","has-post-thumbnail","hentry","category-clima"],"_links":{"self":[{"href":"https:\/\/larepublicanews.com.do\/live\/wp-json\/wp\/v2\/posts\/1397","targetHints":{"allow":["GET"]}}],"collection":[{"href":"https:\/\/larepublicanews.com.do\/live\/wp-json\/wp\/v2\/posts"}],"about":[{"href":"https:\/\/larepublicanews.com.do\/live\/wp-json\/wp\/v2\/types\/post"}],"author":[{"embeddable":true,"href":"https:\/\/larepublicanews.com.do\/live\/wp-json\/wp\/v2\/users\/2"}],"replies":[{"embeddable":true,"href":"https:\/\/larepublicanews.com.do\/live\/wp-json\/wp\/v2\/comments?post=1397"}],"version-history":[{"count":1,"href":"https:\/\/larepublicanews.com.do\/live\/wp-json\/wp\/v2\/posts\/1397\/revisions"}],"predecessor-version":[{"id":1408,"href":"https:\/\/larepublicanews.com.do\/live\/wp-json\/wp\/v2\/posts\/1397\/revisions\/1408"}],"wp:featuredmedia":[{"embeddable":true,"href":"https:\/\/larepublicanews.com.do\/live\/wp-json\/wp\/v2\/media\/1407"}],"wp:attachment":[{"href":"https:\/\/larepublicanews.com.do\/live\/wp-json\/wp\/v2\/media?parent=1397"}],"wp:term":[{"taxonomy":"category","embeddable":true,"href":"https:\/\/larepublicanews.com.do\/live\/wp-json\/wp\/v2\/categories?post=1397"},{"taxonomy":"post_tag","embeddable":true,"href":"https:\/\/larepublicanews.com.do\/live\/wp-json\/wp\/v2\/tags?post=1397"}],"curies":[{"name":"wp","href":"https:\/\/api.w.org\/{rel}","templated":true}]}}