{"id":1395,"date":"2021-03-16T11:29:25","date_gmt":"2021-03-16T11:29:25","guid":{"rendered":"https:\/\/larepublicanews.com.do\/live\/?p=1395"},"modified":"2021-03-16T11:29:25","modified_gmt":"2021-03-16T11:29:25","slug":"comision-de-justicia-dice-no-procede-incluir-las-tres-causales","status":"publish","type":"post","link":"https:\/\/larepublicanews.com.do\/live\/comision-de-justicia-dice-no-procede-incluir-las-tres-causales\/","title":{"rendered":"Comisi\u00f3n de Justicia dice no procede incluir las tres causales"},"content":{"rendered":"<p><strong>Diputados corrigen informe del C\u00f3digo Penal<\/strong><\/p>\n<p>El presidente de la Comisi\u00f3n Permanente de Justicia de la C\u00e1mara de Diputados declar\u00f3 que el informe final del proyecto de modificaci\u00f3n del C\u00f3digo Penal est\u00e1 a la espera de la correcci\u00f3n de estilo, para proceder a la firma de los legisladores, y afirm\u00f3 que es improcedente la presi\u00f3n que las mujeres intentan hacerle al presidente Luis Abinader, con una manifestaci\u00f3n frente al Palacio Nacional, porque no incluir\u00e1 las tres causales para interrumpir el embarazo.<\/p>\n<p>Dijo que \u201ccuando toca, toca, y que hay que asumir responsabilidades.<\/p>\n<p>Manifest\u00f3 que es un aliado de los temas de las mujeres, ya que antes de ser legislador, fue multiplicador de la Asociaci\u00f3n Dominicana Pro Bienestar de la Familia (Profamilia), donde daba conferencias y capacit\u00f3 a 4,000 j\u00f3venes en temas de embarazo en adolescentes, drogadicci\u00f3n, genero y otros temas.<\/p>\n<p>Empero, expres\u00f3 que no hay forma de que se incluyan las tres causales en el informe que agilizan para que los diputados lo conozcan en el organismo legislativo.<br \/>\nEl informe final a\u00fan no ha sido firmado por los 15 legisladores que integran la comisi\u00f3n, porque est\u00e1 en fase de correcci\u00f3n. Pero adelant\u00f3 que no votaron por el informe los diputados Rafaela -Lila- Alburquerque y Jos\u00e9 Horacio Gonz\u00e1lez, debido a que favorecen las tres causales.<\/p>\n<p>Alburquerque es una diputada de tradici\u00f3n reformista, partido que siempre ha estado opuesto al aborto. Pero ahora, Alburquerque pertenece al Partido de la Liberaci\u00f3n Dominicana (PLD), el cual respalda el establecimiento de las tres causales.<\/p>\n<p>El diputado Rodr\u00edguez respalda abiertamente las tres causales desde su Partido Alianza Pa\u00eds, por entender que las mujeres tienen derecho a decidir su salud reproductiva.<\/p>\n<p>Ayer, Rodr\u00edguez manifest\u00f3: \u201capoyemos tod@s este campamento por las 3 causales que expresa un reclamo no solo justo, sino uno digno, salud y justicia. \u00a1Vamos!<br \/>\nSe expres\u00f3 as\u00ed en solidaridad con las mujeres que abrieron un campamento frente al Palacio Nacional -casa del Gobierno- para exigirle al presidente Abinader que respalde incluir las tres causales en el informe del C\u00f3digo Penal.<\/p>\n<p>Por: Llennis Jim\u00e9nez de Hoy<\/p>\n","protected":false},"excerpt":{"rendered":"<p>Diputados corrigen informe del C\u00f3digo Penal El presidente de la Comisi\u00f3n Permanente de Justicia de la C\u00e1mara de Diputados declar\u00f3 que el informe final del proyecto de modificaci\u00f3n del C\u00f3digo Penal est\u00e1 a la espera de la correcci\u00f3n de estilo, para proceder a la firma de los legisladores, y afirm\u00f3 que es improcedente la presi\u00f3n que las mujeres intentan hacerle al presidente Luis Abinader, con una manifestaci\u00f3n frente al Palacio Nacional, porque no incluir\u00e1 las tres causales para interrumpir el embarazo. Dijo que \u201ccuando toca, toca, y que hay que&hellip;<\/p>\n","protected":false},"author":2,"featured_media":1403,"comment_status":"open","ping_status":"open","sticky":false,"template":"","format":"standard","meta":{"rop_custom_images_group":[],"rop_custom_messages_group":[],"rop_publish_now":"initial","rop_publish_now_accounts":[],"rop_publish_now_history":[],"rop_publish_now_status":"pending","footnotes":""},"categories":[5,24,27],"tags":[],"class_list":["post-1395","post","type-post","status-publish","format-standard","has-post-thumbnail","hentry","category-cultura","category-politica","category-health"],"_links":{"self":[{"href":"https:\/\/larepublicanews.com.do\/live\/wp-json\/wp\/v2\/posts\/1395","targetHints":{"allow":["GET"]}}],"collection":[{"href":"https:\/\/larepublicanews.com.do\/live\/wp-json\/wp\/v2\/posts"}],"about":[{"href":"https:\/\/larepublicanews.com.do\/live\/wp-json\/wp\/v2\/types\/post"}],"author":[{"embeddable":true,"href":"https:\/\/larepublicanews.com.do\/live\/wp-json\/wp\/v2\/users\/2"}],"replies":[{"embeddable":true,"href":"https:\/\/larepublicanews.com.do\/live\/wp-json\/wp\/v2\/comments?post=1395"}],"version-history":[{"count":1,"href":"https:\/\/larepublicanews.com.do\/live\/wp-json\/wp\/v2\/posts\/1395\/revisions"}],"predecessor-version":[{"id":1404,"href":"https:\/\/larepublicanews.com.do\/live\/wp-json\/wp\/v2\/posts\/1395\/revisions\/1404"}],"wp:featuredmedia":[{"embeddable":true,"href":"https:\/\/larepublicanews.com.do\/live\/wp-json\/wp\/v2\/media\/1403"}],"wp:attachment":[{"href":"https:\/\/larepublicanews.com.do\/live\/wp-json\/wp\/v2\/media?parent=1395"}],"wp:term":[{"taxonomy":"category","embeddable":true,"href":"https:\/\/larepublicanews.com.do\/live\/wp-json\/wp\/v2\/categories?post=1395"},{"taxonomy":"post_tag","embeddable":true,"href":"https:\/\/larepublicanews.com.do\/live\/wp-json\/wp\/v2\/tags?post=1395"}],"curies":[{"name":"wp","href":"https:\/\/api.w.org\/{rel}","templated":true}]}}