{"id":1374,"date":"2021-03-15T13:38:25","date_gmt":"2021-03-15T13:38:25","guid":{"rendered":"https:\/\/larepublicanews.com.do\/live\/?p=1374"},"modified":"2021-03-15T13:38:25","modified_gmt":"2021-03-15T13:38:25","slug":"como-balaguer-toreo-la-crisis-de-los-combustibles-en-1990","status":"publish","type":"post","link":"https:\/\/larepublicanews.com.do\/live\/como-balaguer-toreo-la-crisis-de-los-combustibles-en-1990\/","title":{"rendered":"C\u00f3mo Balaguer tore\u00f3 la crisis de los combustibles en 1990"},"content":{"rendered":"<div id=\"article_zone\">\n<div id=\"ArticleBody\">\n<p>uienes recuerdan la cri\u00adsis econ\u00f3mica de inicios de los a\u00f1os 90 suelen acor\u00addarse de las largas colas en las estaciones de com\u00adbustibles, la desesperaci\u00f3n de propietarios de veh\u00ed\u00adculos que se quedaban en las v\u00edas p\u00fablicas por fal\u00adta de gasolina, la angustia de la poblaci\u00f3n por los au\u00admentos de precios de los productos de primera ne\u00adcesidad y las recurrentes huelgas que paralizaron el pa\u00eds en demanda de mejo\u00adres condiciones de vida.<\/p>\n<p>Eran los tiempos en que el Dr. Joaqu\u00edn Balaguer to\u00adreaba el poder pol\u00edtico des\u00adde el Gobierno en el inicio de su quinto mandato presi\u00addencial, bajo el descontento de la poblaci\u00f3n angustiada por el alto costo de los pro\u00adductos de primera necesi\u00addad, los apagones, la esca\u00adsez y subidas exorbitantes en el precio de los combus\u00adtibles.<\/p>\n<p>Los datos econ\u00f3mi\u00adcos publicados por la Co\u00admisi\u00f3n Econ\u00f3mica para Am\u00e9rica Latina y el Cari\u00adbe (CEPAL) sobre la crisis de la \u00e9poca apuntan que el producto interno bruto (PIB), en 1990, se contrajo un 6.2%, el consumo pri\u00advado 11%, la inversi\u00f3n bru\u00adta fija 9%, la inflaci\u00f3n subi\u00f3 al 80%, las reservas interna\u00adcionales se redujeron cerca de US$500 millones y que\u00adbraron siete bancos comer\u00adciales.<\/p>\n<p>En los primeros meses del 1990, el racionamiento de los combustibles forza\u00addos por la Guerra en Golfo P\u00e9rsico, los aumentos des\u00adproporcionados en el precio de la gasolina de RD$6.00 a RD$11.00 y las alzas de los art\u00edculos de primera nece\u00adsidad, se convirtieron en el detonante de la complicada situaci\u00f3n que adem\u00e1s ten\u00eda agregada la crisis de legiti\u00admidad pol\u00edtica por las cues\u00adtionadas elecciones \u201cgana\u00addas\u201d por Joaqu\u00edn Balaguer.<\/p>\n<p>Las dificultades econ\u00f3\u00admicas llevaron a Balaguer a anunciar en julio nue\u00advos incrementos en el cos\u00adto de la gasolina, esta vez de RD$11.00 a RD$20.00, lo que agudiz\u00f3 la situaci\u00f3n e impuls\u00f3 un incremento de los llamados a huelgas de los sindicatos y organizaciones populares, lo que creaba ma\u00adyor inestabilidad pol\u00edtica.<\/p>\n<p>Es en ese contexto que Balaguer, aunque atribuye el dif\u00edcil escenario a causas pol\u00edticas y a la especulaci\u00f3n, se ve obligado a propiciar con el apoyo de la Iglesia Cat\u00f3lica y el sector empre\u00adsarial, el llamado \u201cPacto de la Solidaridad Econ\u00f3mica\u201d.<\/p>\n<p>En esta propuesta de Pac\u00adto se compromet\u00eda a pro\u00adpiciar presupuestos equi\u00adlibrados y austeros en las entidades descentralizadas, suspender las emisiones in\u00adorg\u00e1nicas, fijar precios de ventas con los costos rea\u00adles y m\u00e1rgenes de benefi\u00adcios justos para los alimen\u00adtos, medicinas, carburantes y transporte.<\/p>\n<p>Asimismo, propon\u00eda es\u00adtablecer una tasa de cambio \u201c\u00fanica, revisable y ajusta\u00adda a la realidad de la ofer\u00adta y la demanda\u201d, aumentar los sueldos de los servidores p\u00fablicos y propiciar un in\u00adcremento en los salarios del sector privado. Tambi\u00e9n, ampliar y profundizar los programas directos de asis\u00adtencia social.<\/p>\n<p>En el plano de las finan\u00adzas p\u00fablicas, la propuesta de Pacto ofrec\u00eda reorientar la inversi\u00f3n fiscal a la pro\u00adducci\u00f3n agropecuaria e in\u00addustrial, superar la crisis energ\u00e9tica, atender las de\u00admandas de viviendas, es\u00adcuelas y centros de salud, adem\u00e1s de renegociar la deuda p\u00fablica y restringir el cr\u00e9dito interno.<\/p>\n<p>El mismo comprome\u00adt\u00eda al sector empresarial a mantener estables, duran\u00adte seis meses, los precios de los art\u00edculos de primera ne\u00adcesidad, incluyendo los re\u00adpuestos de veh\u00edculos, asimi\u00adlar los aumentos salariales y respaldar las reformas fis\u00adcales. Tambi\u00e9n planteaba que los empresarios entre\u00adgaran las divisas que gene\u00adraban sus exportaciones y las remesas.<\/p>\n<p>En el caso de las orga\u00adnizaciones populares, su compromiso ser\u00eda contri\u00adbuir con la armon\u00eda obre\u00adro-patronal, mantener sus servicios, incrementar la productividad, defender el orden p\u00fablico y propiciar la paz social sin renunciar a sus aspiraciones leg\u00edtimas.<\/p>\n<p>La propuesta hecha por el Gobierno de Balaguer fue ponderada por los sectores empresariales y populares, los que luego con algunas que otras puntualizaciones se pusieron de acuerdo en aras de propiciar la paz so\u00adcial necesaria para mejorar la situaci\u00f3n del pa\u00eds.<\/p>\n<p>A partir de esta negocia\u00adci\u00f3n se iniciaron en el pa\u00eds un grupo de reformas, se\u00adg\u00fan explica Julio And\u00fajar Scheker en \u201cReformas eco\u00adn\u00f3micas y negociaciones pol\u00edticas: Apuntes sobre la experiencia dominicana de los noventa\u201d, que fueron orientadas a liberalizar la econom\u00eda y a reducir o eli\u00adminar controles en diferen\u00adtes sectores.<\/p>\n<p>Refiere que este pacto in\u00adclu\u00eda dos tipos de pol\u00edticas: reformas estructurales o cambios de largo plazo como las reformas arancelaria, tri\u00adbutaria, laboral y monetaria y pol\u00edticas de estabilizaci\u00f3n de corto plazo enfocadas en la reducci\u00f3n de la inflaci\u00f3n, el relanzamiento del creci\u00admiento econ\u00f3mico y la co\u00adrrecci\u00f3n de los problemas de balanza de pagos.<\/p>\n<p><strong>SEPA M\u00c1S<br \/>\nLa necesidad de un pacto social<\/strong><br \/>\nAunque la realidad pol\u00ed\u00adtica de 1990 es distinta a la que se vive en la ac\u00adtualidad, las amenazas del entorno internacio\u00adnal pueden crear situa\u00adciones de crisis interna que provoquen inestabi\u00adlidad y descontroles gra\u00adves en las finanzas p\u00fa\u00adblicas, como sucedi\u00f3 en aquella \u00e9poca.<\/p>\n<p>La ola inflacionaria in\u00adterna provocada por el aumento de los precios de las materias primas, del petr\u00f3leo y de los ali\u00admentos a nivel mundial, m\u00e1s el alto endeuda\u00admiento de las finanzas p\u00fablicas, constituyen una seria amenaza a la sostenibilidad de la re\u00adcuperaci\u00f3n econ\u00f3mica post-COVID-19.<\/p>\n<p>Este fin de semana el precio del barril de pe\u00adtr\u00f3leo WTI alcanz\u00f3 los US$65.61, un ingredien\u00adte que complica el pano\u00adrama econ\u00f3mico nacio\u00adnal considerando que en el Presupuesto Nacional se estim\u00f3 el precio del barril a US$45.50.<\/p>\n<p>Desde que el presiden\u00adte Luis Abinader asumi\u00f3 la direcci\u00f3n del Gobier\u00adno ha manifestado la ne\u00adcesidad de que el pa\u00eds se aboque a definir el pacto fiscal para poder lograr las metas pol\u00edticas eco\u00adn\u00f3micas y sociales a la que aspira la naci\u00f3n.<\/p>\n<\/div>\n<div><\/div>\n<\/div>\n<div class=\"panel panel-default mb30 overflowauto\">Por: Listin DIario<\/div>\n","protected":false},"excerpt":{"rendered":"<p>uienes recuerdan la cri\u00adsis econ\u00f3mica de inicios de los a\u00f1os 90 suelen acor\u00addarse de las largas colas en las estaciones de com\u00adbustibles, la desesperaci\u00f3n de propietarios de veh\u00ed\u00adculos que se quedaban en las v\u00edas p\u00fablicas por fal\u00adta de gasolina, la angustia de la poblaci\u00f3n por los au\u00admentos de precios de los productos de primera ne\u00adcesidad y las recurrentes huelgas que paralizaron el pa\u00eds en demanda de mejo\u00adres condiciones de vida. Eran los tiempos en que el Dr. Joaqu\u00edn Balaguer to\u00adreaba el poder pol\u00edtico des\u00adde el Gobierno en el inicio de&hellip;<\/p>\n","protected":false},"author":2,"featured_media":1375,"comment_status":"open","ping_status":"open","sticky":false,"template":"","format":"standard","meta":{"rop_custom_images_group":[],"rop_custom_messages_group":[],"rop_publish_now":"initial","rop_publish_now_accounts":[],"rop_publish_now_history":[],"rop_publish_now_status":"pending","footnotes":""},"categories":[16],"tags":[],"class_list":["post-1374","post","type-post","status-publish","format-standard","has-post-thumbnail","hentry","category-historia"],"_links":{"self":[{"href":"https:\/\/larepublicanews.com.do\/live\/wp-json\/wp\/v2\/posts\/1374","targetHints":{"allow":["GET"]}}],"collection":[{"href":"https:\/\/larepublicanews.com.do\/live\/wp-json\/wp\/v2\/posts"}],"about":[{"href":"https:\/\/larepublicanews.com.do\/live\/wp-json\/wp\/v2\/types\/post"}],"author":[{"embeddable":true,"href":"https:\/\/larepublicanews.com.do\/live\/wp-json\/wp\/v2\/users\/2"}],"replies":[{"embeddable":true,"href":"https:\/\/larepublicanews.com.do\/live\/wp-json\/wp\/v2\/comments?post=1374"}],"version-history":[{"count":1,"href":"https:\/\/larepublicanews.com.do\/live\/wp-json\/wp\/v2\/posts\/1374\/revisions"}],"predecessor-version":[{"id":1376,"href":"https:\/\/larepublicanews.com.do\/live\/wp-json\/wp\/v2\/posts\/1374\/revisions\/1376"}],"wp:featuredmedia":[{"embeddable":true,"href":"https:\/\/larepublicanews.com.do\/live\/wp-json\/wp\/v2\/media\/1375"}],"wp:attachment":[{"href":"https:\/\/larepublicanews.com.do\/live\/wp-json\/wp\/v2\/media?parent=1374"}],"wp:term":[{"taxonomy":"category","embeddable":true,"href":"https:\/\/larepublicanews.com.do\/live\/wp-json\/wp\/v2\/categories?post=1374"},{"taxonomy":"post_tag","embeddable":true,"href":"https:\/\/larepublicanews.com.do\/live\/wp-json\/wp\/v2\/tags?post=1374"}],"curies":[{"name":"wp","href":"https:\/\/api.w.org\/{rel}","templated":true}]}}