{"id":1371,"date":"2021-03-15T12:15:58","date_gmt":"2021-03-15T12:15:58","guid":{"rendered":"https:\/\/larepublicanews.com.do\/live\/?p=1371"},"modified":"2021-03-15T12:15:58","modified_gmt":"2021-03-15T12:15:58","slug":"la-uasd-y-pucmm-suspenden-vacunacion-contra-el-covid-19","status":"publish","type":"post","link":"https:\/\/larepublicanews.com.do\/live\/la-uasd-y-pucmm-suspenden-vacunacion-contra-el-covid-19\/","title":{"rendered":"La UASD y PUCMM suspenden vacunaci\u00f3n contra el COVID-19"},"content":{"rendered":"<p>La universidad Aut\u00f3noma de Santo Domingo (UASD) y la Pontificia Universidad Cat\u00f3lica Madre y Maestra (PUCMM), informaron la suspensi\u00f3n temporal de la jornada de vacunaci\u00f3n contra la COVID-19 en sus instalaciones.<\/p>\n<p>A trav\u00e9s de la red social de Twitter, ambas publicaron una imagen donde ofrecen la informaci\u00f3n del aplazamiento, a partir de este lunes 15 de marzo.<\/p>\n<p>\u201cInformamos a la comunidad universitaria, que este lunes 15 de marzo del a\u00f1o en curso no estaremos realizando la jornada de vacunaci\u00f3n contra COVID-19, que tan exitosamente venimos desarrollando en nuestra universidad, en apoyo al Ministerio de Salud P\u00fablica y a la sociedad dominicana\u201d, dice el comunicado de la USAD.<\/p>\n<figure class=\"wp-block-embed\">\n<div class=\"wp-block-embed__wrapper\">https:\/\/twitter.com\/UniversidadUASD\/status\/1371199890127224832\/photo\/1<\/div>\n<\/figure>\n<p>Las universidades no especifican los motivos de la suspensi\u00f3n, ni tampoco cuando retomar\u00e1n las vacunaciones.<\/p>\n<p>\u201cLes exhortamos a mantenerse atentos a los medios oficiales\u201d, escribi\u00f3 la PUCMM.<\/p>\n<p>Mientras que la USAD: \u201cm\u00e1s adelante estaremos informando por esta misma v\u00eda, el reinicio de tan importante jornada de vacunaci\u00f3n\u201d.<\/p>\n<p>Por: HOY<\/p>\n","protected":false},"excerpt":{"rendered":"<p>La universidad Aut\u00f3noma de Santo Domingo (UASD) y la Pontificia Universidad Cat\u00f3lica Madre y Maestra (PUCMM), informaron la suspensi\u00f3n temporal de la jornada de vacunaci\u00f3n contra la COVID-19 en sus instalaciones. A trav\u00e9s de la red social de Twitter, ambas publicaron una imagen donde ofrecen la informaci\u00f3n del aplazamiento, a partir de este lunes 15 de marzo. \u201cInformamos a la comunidad universitaria, que este lunes 15 de marzo del a\u00f1o en curso no estaremos realizando la jornada de vacunaci\u00f3n contra COVID-19, que tan exitosamente venimos desarrollando en nuestra universidad, en&hellip;<\/p>\n","protected":false},"author":2,"featured_media":1372,"comment_status":"open","ping_status":"open","sticky":false,"template":"","format":"standard","meta":{"rop_custom_images_group":[],"rop_custom_messages_group":[],"rop_publish_now":"initial","rop_publish_now_accounts":[],"rop_publish_now_history":[],"rop_publish_now_status":"pending","footnotes":""},"categories":[46],"tags":[],"class_list":["post-1371","post","type-post","status-publish","format-standard","has-post-thumbnail","hentry","category-covid-19"],"_links":{"self":[{"href":"https:\/\/larepublicanews.com.do\/live\/wp-json\/wp\/v2\/posts\/1371","targetHints":{"allow":["GET"]}}],"collection":[{"href":"https:\/\/larepublicanews.com.do\/live\/wp-json\/wp\/v2\/posts"}],"about":[{"href":"https:\/\/larepublicanews.com.do\/live\/wp-json\/wp\/v2\/types\/post"}],"author":[{"embeddable":true,"href":"https:\/\/larepublicanews.com.do\/live\/wp-json\/wp\/v2\/users\/2"}],"replies":[{"embeddable":true,"href":"https:\/\/larepublicanews.com.do\/live\/wp-json\/wp\/v2\/comments?post=1371"}],"version-history":[{"count":1,"href":"https:\/\/larepublicanews.com.do\/live\/wp-json\/wp\/v2\/posts\/1371\/revisions"}],"predecessor-version":[{"id":1373,"href":"https:\/\/larepublicanews.com.do\/live\/wp-json\/wp\/v2\/posts\/1371\/revisions\/1373"}],"wp:featuredmedia":[{"embeddable":true,"href":"https:\/\/larepublicanews.com.do\/live\/wp-json\/wp\/v2\/media\/1372"}],"wp:attachment":[{"href":"https:\/\/larepublicanews.com.do\/live\/wp-json\/wp\/v2\/media?parent=1371"}],"wp:term":[{"taxonomy":"category","embeddable":true,"href":"https:\/\/larepublicanews.com.do\/live\/wp-json\/wp\/v2\/categories?post=1371"},{"taxonomy":"post_tag","embeddable":true,"href":"https:\/\/larepublicanews.com.do\/live\/wp-json\/wp\/v2\/tags?post=1371"}],"curies":[{"name":"wp","href":"https:\/\/api.w.org\/{rel}","templated":true}]}}