{"id":1347,"date":"2021-03-14T17:49:16","date_gmt":"2021-03-14T17:49:16","guid":{"rendered":"https:\/\/larepublicanews.com.do\/live\/?p=1347"},"modified":"2021-03-14T17:49:16","modified_gmt":"2021-03-14T17:49:16","slug":"fulcar-explica-modalidad-semipresencial-a-iniciarse-el-proximo-6-de-abril","status":"publish","type":"post","link":"https:\/\/larepublicanews.com.do\/live\/fulcar-explica-modalidad-semipresencial-a-iniciarse-el-proximo-6-de-abril\/","title":{"rendered":"Fulcar explica modalidad semipresencial a iniciarse el pr\u00f3ximo 6 de abril"},"content":{"rendered":"<div id=\"article_zone\">\n<div id=\"ArticleBody\">\n<p>Cuando se d\u00e9 inicio a la docencia semipresencial en el pa\u00eds el pr\u00f3ximo 6 de abril se har\u00e1 siguiendo un modelo gradual para garantizar que la pandemia no invada las escuelas y solo se har\u00e1 en los municipios donde los contagiados por el coronavirus no supere el 5% de la poblaci\u00f3n.<\/p>\n<p>As\u00ed lo explic\u00f3 el ministro de Educaci\u00f3n, Roberto Fulcar, quien asegur\u00f3 que en la primera etapa solo entran los estudiantes del nivel preescolar y primario, alternando la asistencia a las aulas con la educaci\u00f3n virtual.<\/p>\n<p>\u201cSi un curso tiene 30 estudiantes, no van todos juntos, sino que se dividen en dos grupos y uno va dos d\u00edas a la semana y el otro tres d\u00edas. Los d\u00edas que no asisten a las aulas siguen recibiendo la docencia a trav\u00e9s de la educaci\u00f3n a distancia\u201d, explic\u00f3 Fulcar al ser entrevistado en el programa televisivo \u201cMcKinney\u201d, por Color Visi\u00f3n.<\/p>\n<p>El titular de Educaci\u00f3n manifest\u00f3 que la educaci\u00f3n semipresencial entrar\u00e1 en combinaci\u00f3n con la educaci\u00f3n a distancia a trav\u00e9s de la radio, la televisi\u00f3n y el internet para que los alumnos contin\u00faen recibiendo docencia los d\u00edas que no van al aula.<\/p>\n<p>El pron\u00f3stico que se ha hecho, seg\u00fan Fulcar, es que la tendencia de la baja de contagio contin\u00fae descendiendo, pero si sucede lo contrario, el Minerd tiene respuesta para cada escenario.<\/p>\n<p>Estim\u00f3 que seg\u00fan la evoluci\u00f3n, pueden suceder tres cosas: que siga bajando el contagio y otros municipios puedan incorporarse a la docencia presencial, que se mantenga como est\u00e1, en cuyo caso todos los otros estudiantes seguir\u00e1n recibiendo sus clases a distancia y tercero que aumente el contagio donde se est\u00e1 dando clase semipresencial y en ese caso \u201ccon toda responsabilidad y transparencia\u201d le comunicar\u00e1n a la poblaci\u00f3n que los estudiantes vuelven a sus casas a recibir docencia en forma virtual.<\/p>\n<p>Para Fulcar, lo importante es \u201cgarantizar la educaci\u00f3n a todos los estudiantes, con Covid o sin Covid, de forma semipresencial o a distancia\u201d.<\/p>\n<p>Afirm\u00f3 que el modelo de educaci\u00f3n que est\u00e1n echando adelante es dominicano y el resultado del esfuerzo colectivo que hoy reconocen numerosos organismos internacionales de Naciones Unidas relativos a la educaci\u00f3n y al desarrollo, entre otros.<\/p>\n<p>En apoyo al plan, Fulcar inform\u00f3 que han recibido en donaci\u00f3n 50 laboratorios de ciencias y el reconocimiento del Banco Mundial y del Banco Interamericano de Desarrollo.<\/p>\n<p><strong><em>Problemas en planteles<\/em><\/strong><\/p>\n<p>Se\u00f1al\u00f3 que en aquellos lugares donde hab\u00eda problemas de conexi\u00f3n a internet se han ido superando por la necesidad de ser usada para la educaci\u00f3n.<\/p>\n<p>\u201cEncontr\u00e9 2,400 planteles sin electricidad, \u00a0y ya solo quedan 500 por terminar la soluci\u00f3n. De 60 a 70 por ciento sin internet y lo hemos reducido. La mayor\u00eda de los planteles m\u00e1s viejos ten\u00edan problemas sanitarios y para el d\u00eda 6 de abril gran parte de ellos estar\u00e1n resueltos con recursos propios\u201d, puntualiz\u00f3 el ministro.<\/p>\n<p>Indic\u00f3 que esos problemas se acumularon porque con la aplicaci\u00f3n del 4% del PIB a la educaci\u00f3n se construyeron muchas escuelas nuevas, pero se olvid\u00f3 dar mantenimiento a las viejas y ahora estas acumulan un gran deterioro.<\/p>\n<p>En otro aspecto, Fulcar dijo que en el Departamento de Psicolog\u00eda del Minerd \u201cse trabajar\u00e1 seriamente para asistir a los estudiantes y la familia. Las escuelas tienen psic\u00f3logos y donde falte, los vamos a nombrar\u201d.<\/p>\n<p>Dijo que se ha puesto de acuerdo con la dirigencia de la Asociaci\u00f3n Dominicana de Profesores (ADP) para la apertura semipresencial y que para ello los ha complacido en sus peticiones.<\/p>\n<p><strong><em>Vacunaci\u00f3n profesores<\/em><\/strong><\/p>\n<p>Revel\u00f3 que la ADP ped\u00eda que los profesores fueran vacunados antes del inicio de la docencia, con las dos dosis, y se ha cumplido porque ya se han vacunado la mayor\u00eda de ellos y se ha guardado la segunda dosis para aplicarla en el tiempo que recomiendan los criterios m\u00e9dicos.<\/p>\n<p>Igualmente, la ADP solicit\u00f3 que se resuelvan los problemas f\u00edsicos de los planteles y en forma permanente hay comisiones trabajando para solucionar esos problemas.<\/p>\n<p>\u201cTodo lo que ha pedido la ADP para la vuelta a la docencia semipresencial, lo hemos concertado, la mayor\u00eda son problemas muy racionales que nosotros hemos compartido\u201d, apunt\u00f3 Fulcar.<\/p>\n<p><strong><em>Cancelaciones<\/em><\/strong><\/p>\n<p>Respecto a las cancelaciones en el Ministerio de Educaci\u00f3n, Fulcar expres\u00f3 que no ha cancelado a ning\u00fan empleado vinculado con la docencia ni personal administrativo de carrera, ni personas con m\u00e1s de cinco a\u00f1os empleados.<\/p>\n<p>\u201cSolamente desvincul\u00e9 una proporci\u00f3n reducida de los que entraron en los \u00faltimos cuatro a\u00f1os porque ah\u00ed se produjo una especie de nombramientos de fiesta a tal punto que algunos de los desvinculados no le hemos podido dar sus prestaciones laborales porque no aparecen\u201d, denunci\u00f3 el ministro.<\/p>\n<p>Expres\u00f3 que se trataba de nombramientos fantasmas, pero aun as\u00ed a todos se les ha dado sus prestaciones laborales o se est\u00e1 en proceso de darlas.<\/p>\n<p>Fulcar dio garant\u00edas de que ning\u00fan enfermo o mujer embarazada ha sido cancelado y si sucedi\u00f3 por un error, se le ha dado para atr\u00e1s a la disposici\u00f3n.<\/p>\n<p>Dijo que hab\u00eda 500 profesores que hab\u00edan ganado concurso de oposici\u00f3n y no les permitieron entrar al sistema docente y cuando \u00e9l lleg\u00f3 al Minerd de inmediato pidi\u00f3 contactarlos para emplearlos en lugar de las personas a las que se les termin\u00f3 el contrato.<\/p>\n<p>Manifest\u00f3 que uno de los problemas m\u00e1s serios del sistema educativo dominicano es que los estudiantes que salen graduados del preuniversitario no pueden vivir de lo que han aprendido porque ello no es suficiente para emplearse.<\/p>\n<p>Frente a esa realidad, el compromiso del Minerd en su gesti\u00f3n es lograr que el bachiller llegue preparado a la universidad y que tambi\u00e9n est\u00e9 en condiciones de optar por un oficio y poder vivir de lo que ha aprendido.<\/p>\n<\/div>\n<div><\/div>\n<\/div>\n<div id=\"taboola-below-article-thumbnails\" class=\" trc_related_container trc_spotlight_widget tbl-feed-container tbl-feed-frame-NONE  render-late-effect\" data-feed-container-num=\"1\" data-feed-main-container-id=\"taboola-below-article-thumbnails\" data-parent-placement-name=\"Below Article Thumbnails\" data-pub-lang=\"es\">\n<div class=\" tbl-feed-header tbl-logo-left-position\">\n<div class=\"tbl-feed-header-logo\">Por: Listin Diario<\/div>\n<\/div>\n<\/div>\n","protected":false},"excerpt":{"rendered":"<p>Cuando se d\u00e9 inicio a la docencia semipresencial en el pa\u00eds el pr\u00f3ximo 6 de abril se har\u00e1 siguiendo un modelo gradual para garantizar que la pandemia no invada las escuelas y solo se har\u00e1 en los municipios donde los contagiados por el coronavirus no supere el 5% de la poblaci\u00f3n. As\u00ed lo explic\u00f3 el ministro de Educaci\u00f3n, Roberto Fulcar, quien asegur\u00f3 que en la primera etapa solo entran los estudiantes del nivel preescolar y primario, alternando la asistencia a las aulas con la educaci\u00f3n virtual. \u201cSi un curso tiene&hellip;<\/p>\n","protected":false},"author":2,"featured_media":1348,"comment_status":"open","ping_status":"open","sticky":false,"template":"","format":"standard","meta":{"rop_custom_images_group":[],"rop_custom_messages_group":[],"rop_publish_now":"initial","rop_publish_now_accounts":[],"rop_publish_now_history":[],"rop_publish_now_status":"pending","footnotes":""},"categories":[46,29],"tags":[],"class_list":["post-1347","post","type-post","status-publish","format-standard","has-post-thumbnail","hentry","category-covid-19","category-sociedad"],"_links":{"self":[{"href":"https:\/\/larepublicanews.com.do\/live\/wp-json\/wp\/v2\/posts\/1347","targetHints":{"allow":["GET"]}}],"collection":[{"href":"https:\/\/larepublicanews.com.do\/live\/wp-json\/wp\/v2\/posts"}],"about":[{"href":"https:\/\/larepublicanews.com.do\/live\/wp-json\/wp\/v2\/types\/post"}],"author":[{"embeddable":true,"href":"https:\/\/larepublicanews.com.do\/live\/wp-json\/wp\/v2\/users\/2"}],"replies":[{"embeddable":true,"href":"https:\/\/larepublicanews.com.do\/live\/wp-json\/wp\/v2\/comments?post=1347"}],"version-history":[{"count":2,"href":"https:\/\/larepublicanews.com.do\/live\/wp-json\/wp\/v2\/posts\/1347\/revisions"}],"predecessor-version":[{"id":1384,"href":"https:\/\/larepublicanews.com.do\/live\/wp-json\/wp\/v2\/posts\/1347\/revisions\/1384"}],"wp:featuredmedia":[{"embeddable":true,"href":"https:\/\/larepublicanews.com.do\/live\/wp-json\/wp\/v2\/media\/1348"}],"wp:attachment":[{"href":"https:\/\/larepublicanews.com.do\/live\/wp-json\/wp\/v2\/media?parent=1347"}],"wp:term":[{"taxonomy":"category","embeddable":true,"href":"https:\/\/larepublicanews.com.do\/live\/wp-json\/wp\/v2\/categories?post=1347"},{"taxonomy":"post_tag","embeddable":true,"href":"https:\/\/larepublicanews.com.do\/live\/wp-json\/wp\/v2\/tags?post=1347"}],"curies":[{"name":"wp","href":"https:\/\/api.w.org\/{rel}","templated":true}]}}