{"id":1341,"date":"2021-03-14T17:39:11","date_gmt":"2021-03-14T17:39:11","guid":{"rendered":"https:\/\/larepublicanews.com.do\/live\/?p=1341"},"modified":"2021-03-14T18:00:46","modified_gmt":"2021-03-14T18:00:46","slug":"empleos-suficientes-y-dignos","status":"publish","type":"post","link":"https:\/\/larepublicanews.com.do\/live\/empleos-suficientes-y-dignos\/","title":{"rendered":"EMPLEOS SUFICIENTES Y DIGNOS"},"content":{"rendered":"<div class=\"zox-post-bot-wrap\">\n<div class=\"zox-post-title-wrap zox-tit2\">\n<header class=\"zox-post-head-wrap left zoxrel zox100\">\n<div class=\"zox-post-head zoxrel\">\n<h3 class=\"zox-post-cat\">Por:<\/h3>\n<h3 class=\"zox-post-cat\">Lizamavel Collado<\/h3>\n<p>La autora advierte sobre la necesidad de estimular las pol\u00edticas publicas orientadas al empleo, as\u00ed como crear programas que permitan aumentar la formaci\u00f3n profesional de los empleados.<\/p>\n<div class=\"zox-post-info-wrap\">\n<div class=\"zox-post-byline-wrap\">\n<div class=\"zox-author-info-wrap\">\n<div class=\"zox-author-name-wrap\"><\/div>\n<\/div>\n<\/div>\n<div class=\"zox-post-soc-top-wrap\">\n<div class=\"zox-post-soc-stat\"><\/div>\n<\/div>\n<\/div>\n<\/div>\n<\/header>\n<\/div>\n<div class=\"zox-post-img-wrap\"><span class=\"zox-post-img-cap\">Los gobiernos, todos, deben comprometerse con la consolidaci\u00f3n del Estado y el derecho al trabajo consagrado en nuestra Constituci\u00f3n.\u00a0<\/span><\/div>\n<\/div>\n<p><!--more--><\/p>\n<div class=\"zox-post-body-wrap left zoxrel\">\n<div class=\"zox-post-body left zoxrel zox100\">\n<div id=\"tps_slideContainer_3757\" class=\"theiaPostSlider_slides\">\n<div class=\"theiaPostSlider_preloadedSlide\">\n<p class=\"has-text-align-justify\">El Plan Plurianual del sector p\u00fablico desde el a\u00f1o 2011 tiene contemplado el cap\u00edtulo destinado a los empleos, la motivaci\u00f3n de un conjunto de esfuerzos enfocados hacia el logro del desarrollo econ\u00f3mico que aspira el pa\u00eds, asegurando una vida digna para todos los dominicanos en cohesi\u00f3n social.<\/p>\n<p class=\"has-text-align-justify\">El desarrollo econ\u00f3mico de los pa\u00edses sin dudas debe estar basado en una estructura productiva que sea generadora de buenos empleos. No obstante, conseguir estos resultados no se hace de forma espont\u00e1nea; conlleva estimulaci\u00f3n y la intervenci\u00f3n de pol\u00edticas p\u00fablicas orientadas al empleo, que sean un puente entre las pol\u00edticas productivas y sociales.<\/p>\n<p class=\"has-text-align-justify\">Viendo la realidad de la Rep\u00fablica Dominicana, es requerida la implementaci\u00f3n de pol\u00edticas industriales y tecnol\u00f3gicas proactivas, que integren los incrementos sustanciales de productividad y un enfoque hacia la formaci\u00f3n de la fuerza laboral, de forma que esta pueda responder eficientemente a la estructura de una plataforma m\u00e1s competitiva.<\/p>\n<p class=\"has-text-align-justify\">El objetivo espec\u00edfico n\u00famero 24 del PNPSP, se plantea consolidar el sistema de formaci\u00f3n y capacitaci\u00f3n continua en el trabajo, a fin de acompa\u00f1ar al aparato productivo en el proceso de escalamiento de valor, facilitando la inserci\u00f3n en el mercado laboral, para que consecuentemente, los servidores p\u00fablicos o empleados del sector privado puedan desarrollar capacidades emprendedoras; esto no se logra sin fortalecer la formaci\u00f3n t\u00e9cnico profesional en el trabajo y el respeto a las normas que garantizan la permanencia en los puestos.<\/p>\n<p class=\"has-text-align-justify\">Este ultimo a\u00f1o ha sido devastador para los empleados, no solo por la pandemia Covid19 que ha llevado a la quiebra tantas empresas, tambi\u00e9n para los trabajadores estatales, que han sido cancelados de sus puestos de trabajo sin el pago de sus prestaciones econ\u00f3micas, perdiendo no solo su fuente de ingresos, tambi\u00e9n su seguro de salud.<\/p>\n<p class=\"has-text-align-justify\">Cuando la ciudadan\u00eda exige fortalecimiento institucional, ah\u00ed se incluye robustecer las evaluaciones y acreditaciones de las instituciones, para garantizar un crecimiento ordenado y eficiente. Las l\u00edneas estrat\u00e9gicas de acci\u00f3n a\u00fan deben incluir la actualizaci\u00f3n curricular, plataformas tecnol\u00f3gicas y metodolog\u00edas de ense\u00f1anzas; homologando los programas formativos y la certificaci\u00f3n de competencias orientadas a los resultados.<\/p>\n<p class=\"has-text-align-justify\">Los gobiernos, todos, deben comprometerse con la consolidaci\u00f3n del Estado y el derecho al trabajo consagrado en nuestra Constituci\u00f3n. No se logra bienestar social y desarrollo econ\u00f3mico sin empleos suficientes y dignos.<\/p>\n<\/div>\n<\/div>\n<div class=\"theiaPostSlider_footer _footer\"><\/div>\n<p>&nbsp;<\/p>\n<div style=\"box-sizing: border-box; word-break: break-word; overflow-wrap: break-word; margin: 0px auto 20px; padding: 0px; border: 0px; font-size: 1.125rem; vertical-align: baseline; line-height: 1.55;\" data-theiapostslider-slideroptions=\"{&quot;slideContainer&quot;:&quot;#tps_slideContainer_3757&quot;,&quot;nav&quot;:[&quot;.theiaPostSlider_nav&quot;],&quot;navText&quot;:&quot;%{currentSlide} de %{totalSlides}&quot;,&quot;helperText&quot;:&quot;Utilice &amp;leftarrow; &amp;rightarrow; para cambiar&quot;,&quot;defaultSlide&quot;:0,&quot;transitionEffect&quot;:&quot;slide&quot;,&quot;transitionSpeed&quot;:400,&quot;keyboardShortcuts&quot;:true,&quot;scrollAfterRefresh&quot;:true,&quot;numberOfSlides&quot;:1,&quot;slides&quot;:[],&quot;useSlideSources&quot;:null,&quot;themeType&quot;:&quot;font&quot;,&quot;prevText&quot;:&quot;Anterior&quot;,&quot;nextText&quot;:&quot;Siguiente&quot;,&quot;buttonWidth&quot;:0,&quot;buttonWidth_post&quot;:0,&quot;postUrl&quot;:&quot;https:\\\/\\\/elpais.do\\\/3757\\\/2021\\\/03\\\/14\\\/empleos-suficientes-y-dignos\\\/&quot;,&quot;postId&quot;:3757,&quot;refreshAds&quot;:false,&quot;refreshAdsEveryNSlides&quot;:1,&quot;adRefreshingMechanism&quot;:&quot;javascript&quot;,&quot;ajaxUrl&quot;:&quot;https:\\\/\\\/elpais.do\\\/wp-admin\\\/admin-ajax.php&quot;,&quot;loopSlides&quot;:false,&quot;scrollTopOffset&quot;:0,&quot;hideNavigationOnFirstSlide&quot;:false,&quot;isRtl&quot;:false,&quot;excludedWords&quot;:[&quot;&quot;],&quot;prevFontIcon&quot;:&quot;&lt;span aria-hidden=\\&quot;true\\&quot; class=\\&quot;tps-icon-chevron-circle-left\\&quot;&gt;&lt;\\\/span&gt;&quot;,&quot;nextFontIcon&quot;:&quot;&lt;span aria-hidden=\\&quot;true\\&quot; class=\\&quot;tps-icon-chevron-circle-right\\&quot;&gt;&lt;\\\/span&gt;&quot;}\" data-theiapostslider-onchangeslide=\"&quot;&quot;\" data-theiapostslider-loaded=\"true\"><\/div>\n<\/div>\n<div class=\"zox-post-body-bot left zoxrel zox100\">\n<div class=\"zox-post-body-width\">\n<div class=\"zox-post-tags left zoxrel zox100\"><\/div>\n<\/div>\n<\/div>\n<\/div>\n","protected":false},"excerpt":{"rendered":"<p>Por: Lizamavel Collado La autora advierte sobre la necesidad de estimular las pol\u00edticas publicas orientadas al empleo, as\u00ed como crear programas que permitan aumentar la formaci\u00f3n profesional de los empleados. Los gobiernos, todos, deben comprometerse con la consolidaci\u00f3n del Estado y el derecho al trabajo consagrado en nuestra Constituci\u00f3n.\u00a0<\/p>\n","protected":false},"author":2,"featured_media":1342,"comment_status":"open","ping_status":"open","sticky":false,"template":"","format":"standard","meta":{"rop_custom_images_group":[],"rop_custom_messages_group":[],"rop_publish_now":"initial","rop_publish_now_accounts":[],"rop_publish_now_history":[],"rop_publish_now_status":"pending","footnotes":""},"categories":[47,23],"tags":[],"class_list":["post-1341","post","type-post","status-publish","format-standard","has-post-thumbnail","hentry","category-desarrollo","category-pais"],"_links":{"self":[{"href":"https:\/\/larepublicanews.com.do\/live\/wp-json\/wp\/v2\/posts\/1341","targetHints":{"allow":["GET"]}}],"collection":[{"href":"https:\/\/larepublicanews.com.do\/live\/wp-json\/wp\/v2\/posts"}],"about":[{"href":"https:\/\/larepublicanews.com.do\/live\/wp-json\/wp\/v2\/types\/post"}],"author":[{"embeddable":true,"href":"https:\/\/larepublicanews.com.do\/live\/wp-json\/wp\/v2\/users\/2"}],"replies":[{"embeddable":true,"href":"https:\/\/larepublicanews.com.do\/live\/wp-json\/wp\/v2\/comments?post=1341"}],"version-history":[{"count":3,"href":"https:\/\/larepublicanews.com.do\/live\/wp-json\/wp\/v2\/posts\/1341\/revisions"}],"predecessor-version":[{"id":1351,"href":"https:\/\/larepublicanews.com.do\/live\/wp-json\/wp\/v2\/posts\/1341\/revisions\/1351"}],"wp:featuredmedia":[{"embeddable":true,"href":"https:\/\/larepublicanews.com.do\/live\/wp-json\/wp\/v2\/media\/1342"}],"wp:attachment":[{"href":"https:\/\/larepublicanews.com.do\/live\/wp-json\/wp\/v2\/media?parent=1341"}],"wp:term":[{"taxonomy":"category","embeddable":true,"href":"https:\/\/larepublicanews.com.do\/live\/wp-json\/wp\/v2\/categories?post=1341"},{"taxonomy":"post_tag","embeddable":true,"href":"https:\/\/larepublicanews.com.do\/live\/wp-json\/wp\/v2\/tags?post=1341"}],"curies":[{"name":"wp","href":"https:\/\/api.w.org\/{rel}","templated":true}]}}