{"id":1328,"date":"2021-03-12T19:51:41","date_gmt":"2021-03-12T19:51:41","guid":{"rendered":"https:\/\/larepublicanews.com.do\/live\/?p=1328"},"modified":"2021-03-14T15:20:34","modified_gmt":"2021-03-14T15:20:34","slug":"biden-elimina-la-carga-publica-un-alivio-para-inmigrantes-en-espera-de-residencia-americana","status":"publish","type":"post","link":"https:\/\/larepublicanews.com.do\/live\/biden-elimina-la-carga-publica-un-alivio-para-inmigrantes-en-espera-de-residencia-americana\/","title":{"rendered":"Biden elimina la carga p\u00fablica, un alivio para inmigrantes en espera de residencia americana"},"content":{"rendered":"\r\n<p>El Departamento de Seguridad Nacional (DHS) present\u00f3 este jueves una regla que elimina formalmente la \u201ccarga p\u00fablica\u201d, una medida establecida por la administraci\u00f3n de Donald Trump con la cual se pod\u00eda negar la residencia legal permanente a inmigrantes que recurrieran a la asistencia p\u00fablica.<\/p>\r\n\r\n\r\n\r\n<p>\u201cHoy el DHS cerr\u00f3 el libro sobre la regla de carga p\u00fablica\u201d, dijo Alejandro Mayorkas, secretario de DHS en un comunicado.<\/p>\r\n\r\n\r\n\r\n<p>\u201cEn las pr\u00f3ximas semanas, trabajaremos con nuestras agencias federales asociadas y l\u00edderes comunitarios para asegurarnos de que los inmigrantes y sus familias tengan informaci\u00f3n precisa sobre nuestras pol\u00edticas de carga p\u00fablica\u201d, agreg\u00f3 el funcionario.<\/p>\r\n\r\n\r\n\r\n<p>Con el env\u00edo de hoy al Registro Federal se culmina el proceso para deshacer los cambios hechos por el expresidente republicano y que desataron protestas y varias demandas, que acabaron en la Corte Suprema, donde esta semana el Gobierno pidi\u00f3 que desestimase la apelaci\u00f3n que hab\u00eda presentado Trump por la cancelaci\u00f3n de esta medida.<\/p>\r\n\r\n\r\n\r\n<p>En ese sentido, la carga publica no se aplica desde ese mismo d\u00eda, el pasado 9 de marzo, cuando entr\u00f3 en vigor una orden judicial que anulaba la regla de carga p\u00fablica de 2019 y el DHS dej\u00f3 de aplicar la regla de inmediato.<\/p>\r\n\r\n\r\n\r\n<p>La regla de hoy completa el \u00faltimo paso en la implementaci\u00f3n de esa orden, resalt\u00f3 el DHS en el comunicado.<\/p>\r\n\r\n\r\n\r\n<p>Con este paso tomado hoy tambi\u00e9n se est\u00e1 echando abajo \u201cla declaraci\u00f3n jurada de apoyo econ\u00f3mico que habr\u00eda colocado cargas indebidas sobre las familias estadounidenses que deseen patrocinar a personas que inmigran legalmente a los Estados Unidos\u201d, detall\u00f3 Mayorkas.<\/p>\r\n\r\n\r\n\r\n<p>Desde el 2 de octubre de 2020, el Servicio de Inmigraci\u00f3n y Ciudadan\u00eda (USCIS) requer\u00eda una declaraci\u00f3n jurada de apoyo financiero para la mayor\u00eda de los inmigrantes patrocinados por familias y algunos inmigrantes basados en el empleo.<\/p>\r\n\r\n\r\n\r\n<p>La persona que firmaba la declaraci\u00f3n jurada aceptaba apoyar financieramente al inmigrante nombrado y se convert\u00eda en el patrocinador una vez que el inmigrante potencial se convert\u00eda en residente permanente legal. Esta medida tambi\u00e9n fue desechada hoy.<\/p>\r\n\r\n\r\n\r\n<p>El congresista por Nueva York Adriano Espaillat aplaudi\u00f3 el paso tomado por la administraci\u00f3n del presidente Joe Biden.<\/p>\r\n\r\n\r\n\r\n<p>\u201cTodos los inmigrantes y sus familias deben saber que pueden acceder de manera segura a los programas de salud, nutrici\u00f3n y vivienda para los que son elegibles\u201d, resalt\u00f3 el legislador en un comunicado.<\/p>\r\n\r\n\r\n\r\n<p>El dem\u00f3crata hab\u00eda sido una de las voces m\u00e1s cr\u00edticas contra esta regla que hab\u00eda atemorizado a la poblaci\u00f3n indocumentada de buscar servicios para sus hijos estadounidenses, entre otros.<\/p>\r\n\r\n\r\n\r\n<p>\u201cAhora debemos asegurarnos a trav\u00e9s de la legislaci\u00f3n de que un futuro presidente nunca podr\u00e1 volver a intentar implementar una pol\u00edtica de este tipo\u201d, indic\u00f3 Espaillat.<\/p>\r\n\r\n\r\n\r\n<p>En ese sentido, Mayorkas advirti\u00f3 que el DHS est\u00e1 comprometido a implementar reformas que \u201cmejoren\u201d el sistema de inmigraci\u00f3n y reduzcan las \u201cbarreras innecesarias a la inmigraci\u00f3n legal\u201d.<\/p>\r\n\r\n\r\n\r\n<p>La regla emitida hoy se publicar\u00e1 oficialmente en el Registro Federal el pr\u00f3ximo 15 de marzo.<\/p>\r\n\r\n\r\n\r\n<p>Pubicado por: Diario libre<\/p>\r\n\r\n\r\n\r\n<p>Url: <a href=\"https:\/\/www.diariolibre.com\/usa\/actualidad\/biden-elimina-la-carga-publica-un-alivio-para-inmigrantes-en-espera-de-residencia-americana-GJ24967540\">https:\/\/www.diariolibre.com\/usa\/actualidad\/biden-elimina-la-carga-publica-un-alivio-para-inmigrantes-en-espera-de-residencia-americana-GJ24967540<\/a><\/p>\r\n","protected":false},"excerpt":{"rendered":"<p>El Departamento de Seguridad Nacional (DHS) present\u00f3 este jueves una regla que elimina formalmente la \u201ccarga p\u00fablica\u201d, una medida establecida por la administraci\u00f3n de Donald Trump con la cual se pod\u00eda negar la residencia legal permanente a inmigrantes que recurrieran a la asistencia p\u00fablica. \u201cHoy el DHS cerr\u00f3 el libro sobre la regla de carga p\u00fablica\u201d, dijo Alejandro Mayorkas, secretario de DHS en un comunicado. \u201cEn las pr\u00f3ximas semanas, trabajaremos con nuestras agencias federales asociadas y l\u00edderes comunitarios para asegurarnos de que los inmigrantes y sus familias tengan informaci\u00f3n precisa&hellip;<\/p>\n","protected":false},"author":2,"featured_media":1329,"comment_status":"open","ping_status":"open","sticky":false,"template":"","format":"standard","meta":{"rop_custom_images_group":[],"rop_custom_messages_group":[],"rop_publish_now":"initial","rop_publish_now_accounts":[],"rop_publish_now_history":[],"rop_publish_now_status":"pending","footnotes":""},"categories":[24,27],"tags":[],"class_list":["post-1328","post","type-post","status-publish","format-standard","has-post-thumbnail","hentry","category-politica","category-health"],"_links":{"self":[{"href":"https:\/\/larepublicanews.com.do\/live\/wp-json\/wp\/v2\/posts\/1328","targetHints":{"allow":["GET"]}}],"collection":[{"href":"https:\/\/larepublicanews.com.do\/live\/wp-json\/wp\/v2\/posts"}],"about":[{"href":"https:\/\/larepublicanews.com.do\/live\/wp-json\/wp\/v2\/types\/post"}],"author":[{"embeddable":true,"href":"https:\/\/larepublicanews.com.do\/live\/wp-json\/wp\/v2\/users\/2"}],"replies":[{"embeddable":true,"href":"https:\/\/larepublicanews.com.do\/live\/wp-json\/wp\/v2\/comments?post=1328"}],"version-history":[{"count":4,"href":"https:\/\/larepublicanews.com.do\/live\/wp-json\/wp\/v2\/posts\/1328\/revisions"}],"predecessor-version":[{"id":1340,"href":"https:\/\/larepublicanews.com.do\/live\/wp-json\/wp\/v2\/posts\/1328\/revisions\/1340"}],"wp:featuredmedia":[{"embeddable":true,"href":"https:\/\/larepublicanews.com.do\/live\/wp-json\/wp\/v2\/media\/1329"}],"wp:attachment":[{"href":"https:\/\/larepublicanews.com.do\/live\/wp-json\/wp\/v2\/media?parent=1328"}],"wp:term":[{"taxonomy":"category","embeddable":true,"href":"https:\/\/larepublicanews.com.do\/live\/wp-json\/wp\/v2\/categories?post=1328"},{"taxonomy":"post_tag","embeddable":true,"href":"https:\/\/larepublicanews.com.do\/live\/wp-json\/wp\/v2\/tags?post=1328"}],"curies":[{"name":"wp","href":"https:\/\/api.w.org\/{rel}","templated":true}]}}