{"id":1284,"date":"2020-05-12T15:51:00","date_gmt":"2020-05-12T15:51:00","guid":{"rendered":"http:\/\/diario24news.com\/hoy\/?p=1207"},"modified":"2020-05-12T15:51:00","modified_gmt":"2020-05-12T15:51:00","slug":"se-acentua-percepcion-de-segunda-vuelta-el-26-de-julio-entre-luis-abinader-y-leonel-fernandez","status":"publish","type":"post","link":"https:\/\/larepublicanews.com.do\/live\/se-acentua-percepcion-de-segunda-vuelta-el-26-de-julio-entre-luis-abinader-y-leonel-fernandez\/","title":{"rendered":"Se acent\u00faa percepci\u00f3n de segunda vuelta el 26 de julio entre Luis Abinader y Leonel Fern\u00e1ndez"},"content":{"rendered":"<p>SANTO DOMINGO: La percepci\u00f3n de que la presidencia de la Rep\u00fablica se decidir\u00e1 en una segunda vuelta electoral, entre los candidatos presidenciales Luis Abinader, del Partido Revolucionario Moderno (PRM) y Leonel Fern\u00e1ndez, del partido Fuerza del Pueblo (FP), qued\u00f3 una vez m\u00e1s ratificada, conforme a los resultados de la encuesta realizada por firma Horizon Research LCC.<\/p>\n<p>La consulta fue realizada del 3 al 7 de mayo, con una muestra de 1,300 encuestas efectivas utilizando el m\u00e9todo de muestreos aleatorios de las bases de n\u00fameros telef\u00f3nicos fijos y m\u00f3viles, que garantizan la representaci\u00f3n proporcional especificada en el padr\u00f3n electoral.<\/p>\n<p>Enfocada en la composici\u00f3n e intenci\u00f3n del voto a favor de los candidatos presidenciales seg\u00fan su militancia pol\u00edtica de cara a una primera vuelta electoral, se estableci\u00f3 que el 46.3%, de los(as) consultados(as) que dijeron ser pelede\u00edstas sufragar\u00edan a favor de Leonel Fern\u00e1ndez; el 48.7% por su candidato Gonzalo Castillo; el 1.7% por Luis Abinader y el 3.3% no respondi\u00f3.<\/p>\n<p>Te puede interesar: \u00a0 Manuel Alsina de Castro desmiente a Orlando Jorge: \u00abGonzalo es nuestro candidato presidencial\u00bb<\/p>\n<p>Mientras, a lo interno del Partido Revolucionario Moderno (PRM), el 94.8% de los entrevistados manifestaron su prop\u00f3sito de votar por Abinader; el 1.7% por el expresidente Fern\u00e1ndez nominado por la Fuerza del Pueblo (FP) y Aliados y el 0.5% por Gonzalo Castillo, del Partido de la Liberaci\u00f3n Dominicana (PLD), El 3.1% se abstuvo de opinar.<\/p>\n<p>Por su lado, en la FP, el 97.3% indic\u00f3 que votar\u00eda por su oferta electoral; el 1.0% que sufragar\u00eda a favor de Abinader y el 1.7% no opin\u00f3.<\/p>\n<p>Intenci\u00f3n de votos<\/p>\n<p>Respecto a intenci\u00f3n de votos a favor de los candidatos citados de cara a las elecciones del pr\u00f3ximo 5 de julio, el resultado del estudio fue el siguiente: Abinader, obtendr\u00eda el 41.3% de los votos; Fern\u00e1ndez el 33.5.%; Castillo, 22.8% y un 2.4% votar\u00eda por otras propuestas pol\u00edticas.<\/p>\n<p>El an\u00e1lisis indica que la presidencia de la Rep\u00fablica no ser\u00e1 decidida en una primera vuelta, ya que un 56% opin\u00f3 que no habr\u00e1 ganador del certamen electoral en una primera ronda de votaci\u00f3n, contra el 44% que cree lo contrario.<\/p>\n<p>Te puede interesar: \u00a0 Abarrota supermercados y bancos ante rumor de toque de queda 24 horas<\/p>\n<p>La investigaci\u00f3n indica adem\u00e1s que en una segunda vuelta electoral entre los candidatos del PRM y la FP, el primero tendr\u00eda 45.3% frente a 43.1%, para una diferencia entre ambos de 2.2%.<\/p>\n<p>En este mismo escenario, pero con los candidatos Abinader y Castillo, los resultados ser\u00edan 58.6% versus 26.8%, teniendo una diferencia de 31.8% a favor del primero.<\/p>\n<p>Los fondos de pensiones<\/p>\n<p>La encuestadora Horizon Research LCC tambi\u00e9n pregunt\u00f3 sobre la posibilidad de tener acceso al 30% de los fondos de pensiones, proyecto con el cual est\u00e1 de acuerdo el 92% de los consultados, un 7% no est\u00e1 de acuerdo y el 1% no opin\u00f3.<\/p>\n<p>El estudio encargado por la empresa CR Auto Collission LCC, ubicada en el n\u00famero 6459 de la calle Vandike, en Filadelfia, Pensilvania, Estados Unidos, tiene un abundante contenido de temas de importancia nacional como los aspectos econ\u00f3micos y valoraci\u00f3n de las medidas de distanciamiento social debido al COVID-19.<\/p>\n<p>Adem\u00e1s, en torno a las expectativas ciudadanas sobre el presente gobierno, las esperanzas de mejor\u00edas en una pr\u00f3xima administraci\u00f3n gubernamental; valoraci\u00f3n de la figura presidencial y del Gobierno en general.<\/p>\n<p>Te puede interesar: \u00a0 Salud P\u00fablica apenas alude a escalofriante n\u00famero de v\u00edctimas por consumo bebidas clandestinas<\/p>\n<p>Horizon Research LCC, est\u00e1 debidamente registrada y autorizada por la Junta Central Electoral, para la investigaci\u00f3n del mercado pol\u00edtico, econ\u00f3mico y social de la Rep\u00fablica Dominicana.<\/p>\n<p>&nbsp;<\/p>\n","protected":false},"excerpt":{"rendered":"<p>SANTO DOMINGO: La percepci\u00f3n de que la presidencia de la Rep\u00fablica se decidir\u00e1 en una segunda vuelta electoral, entre los candidatos presidenciales Luis Abinader, del Partido Revolucionario Moderno (PRM) y Leonel Fern\u00e1ndez, del partido Fuerza del Pueblo (FP), qued\u00f3 una vez m\u00e1s ratificada, conforme a los resultados de la encuesta realizada por firma Horizon Research LCC. La consulta fue realizada del 3 al 7 de mayo, con una muestra de 1,300 encuestas efectivas utilizando el m\u00e9todo de muestreos aleatorios de las bases de n\u00fameros telef\u00f3nicos fijos y m\u00f3viles, que garantizan&hellip;<\/p>\n","protected":false},"author":3,"featured_media":1210,"comment_status":"open","ping_status":"open","sticky":false,"template":"","format":"standard","meta":{"rop_custom_images_group":[],"rop_custom_messages_group":[],"rop_publish_now":"initial","rop_publish_now_accounts":[],"rop_publish_now_history":[],"rop_publish_now_status":"pending","footnotes":""},"categories":[22],"tags":[],"class_list":["post-1284","post","type-post","status-publish","format-standard","has-post-thumbnail","hentry","category-noticia"],"_links":{"self":[{"href":"https:\/\/larepublicanews.com.do\/live\/wp-json\/wp\/v2\/posts\/1284","targetHints":{"allow":["GET"]}}],"collection":[{"href":"https:\/\/larepublicanews.com.do\/live\/wp-json\/wp\/v2\/posts"}],"about":[{"href":"https:\/\/larepublicanews.com.do\/live\/wp-json\/wp\/v2\/types\/post"}],"author":[{"embeddable":true,"href":"https:\/\/larepublicanews.com.do\/live\/wp-json\/wp\/v2\/users\/3"}],"replies":[{"embeddable":true,"href":"https:\/\/larepublicanews.com.do\/live\/wp-json\/wp\/v2\/comments?post=1284"}],"version-history":[{"count":0,"href":"https:\/\/larepublicanews.com.do\/live\/wp-json\/wp\/v2\/posts\/1284\/revisions"}],"wp:featuredmedia":[{"embeddable":true,"href":"https:\/\/larepublicanews.com.do\/live\/wp-json\/wp\/v2\/media\/1210"}],"wp:attachment":[{"href":"https:\/\/larepublicanews.com.do\/live\/wp-json\/wp\/v2\/media?parent=1284"}],"wp:term":[{"taxonomy":"category","embeddable":true,"href":"https:\/\/larepublicanews.com.do\/live\/wp-json\/wp\/v2\/categories?post=1284"},{"taxonomy":"post_tag","embeddable":true,"href":"https:\/\/larepublicanews.com.do\/live\/wp-json\/wp\/v2\/tags?post=1284"}],"curies":[{"name":"wp","href":"https:\/\/api.w.org\/{rel}","templated":true}]}}