{"id":1211,"date":"2020-05-20T14:45:39","date_gmt":"2020-05-20T14:45:39","guid":{"rendered":"http:\/\/diario24news.com\/hoy\/?p=1211"},"modified":"2020-05-20T14:45:39","modified_gmt":"2020-05-20T14:45:39","slug":"los-primeros-usuarios-del-metro-de-santo-domingo-tras-dos-meses-paralizado","status":"publish","type":"post","link":"https:\/\/larepublicanews.com.do\/live\/los-primeros-usuarios-del-metro-de-santo-domingo-tras-dos-meses-paralizado\/","title":{"rendered":"Los primeros usuarios del Metro de Santo Domingo tras dos meses paralizado"},"content":{"rendered":"<p>&nbsp;<\/p>\n<p>&#8211; Santo Domingo\u00a0En una extensa fila en la \u00fanica entrada que se abri\u00f3 hoy para entrar a la estaci\u00f3n Mam\u00e1 Ting\u00f3, en Villa Mella, del Metro de Santo Domingo, muy pocos no tomaron en cuenta la distancia exigida entre una y otra persona, y ya muy pr\u00f3ximo a la puerta los agentes del Cesmet eran m\u00e1s estrictos con los usuarios para que permanecieran separados y en una linea amarilla del pavimento que se cre\u00f3 para esos fines.<\/p>\n<p>Al hacer finalmente la entrada a la estaci\u00f3n un agente rociaba en las suelas de los zapatos un alcohol y al usuario dirigirse a las escaleras le suger\u00edan que dejaran tres escalones por persona.<\/p>\n<p>&nbsp;<\/p>\n<p>Los andenes tambi\u00e9n tienen pintadas rayas horizontales para que las personas no salgan de ellas y dentro del vag\u00f3n la mayor\u00eda de los asientos, para cuatro usuarios, solo ten\u00edan dos.<\/p>\n<p>El Metro de Santo Domingo empez\u00f3 este mi\u00e9rcoles a transportar pasajeros despu\u00e9s de dos meses de estar paralizado, como parte de las medidas del estado de emergencia que se han dispuesto para evitar la propagaci\u00f3n del covonavirus.<\/p>\n<p>El presidente Danilo Medina inform\u00f3 el pasado domingo que el Metro, el telef\u00e9rico y los autobuses de la OMSA ibana empezar hoy a transportar a sus usuarios, pero en un 30 por ciento de su capacidad.<\/p>\n<p>Este mi\u00e9rcoles abrieron sus puertas las peque\u00f1as y medianas empresas con el 50 por ciento de su personal. Las grandes solo lo deben hacerlo con el 25 por ciento de su personal.<\/p>\n","protected":false},"excerpt":{"rendered":"<p>&nbsp; &#8211; Santo Domingo\u00a0En una extensa fila en la \u00fanica entrada que se abri\u00f3 hoy para entrar a la estaci\u00f3n Mam\u00e1 Ting\u00f3, en Villa Mella, del Metro de Santo Domingo, muy pocos no tomaron en cuenta la distancia exigida entre una y otra persona, y ya muy pr\u00f3ximo a la puerta los agentes del Cesmet eran m\u00e1s estrictos con los usuarios para que permanecieran separados y en una linea amarilla del pavimento que se cre\u00f3 para esos fines. Al hacer finalmente la entrada a la estaci\u00f3n un agente rociaba en&hellip;<\/p>\n","protected":false},"author":3,"featured_media":1212,"comment_status":"open","ping_status":"open","sticky":false,"template":"","format":"standard","meta":{"rop_custom_images_group":[],"rop_custom_messages_group":[],"rop_publish_now":"initial","rop_publish_now_accounts":[],"rop_publish_now_history":[],"rop_publish_now_status":"pending","footnotes":""},"categories":[22],"tags":[],"class_list":["post-1211","post","type-post","status-publish","format-standard","has-post-thumbnail","hentry","category-noticia"],"_links":{"self":[{"href":"https:\/\/larepublicanews.com.do\/live\/wp-json\/wp\/v2\/posts\/1211","targetHints":{"allow":["GET"]}}],"collection":[{"href":"https:\/\/larepublicanews.com.do\/live\/wp-json\/wp\/v2\/posts"}],"about":[{"href":"https:\/\/larepublicanews.com.do\/live\/wp-json\/wp\/v2\/types\/post"}],"author":[{"embeddable":true,"href":"https:\/\/larepublicanews.com.do\/live\/wp-json\/wp\/v2\/users\/3"}],"replies":[{"embeddable":true,"href":"https:\/\/larepublicanews.com.do\/live\/wp-json\/wp\/v2\/comments?post=1211"}],"version-history":[{"count":0,"href":"https:\/\/larepublicanews.com.do\/live\/wp-json\/wp\/v2\/posts\/1211\/revisions"}],"wp:featuredmedia":[{"embeddable":true,"href":"https:\/\/larepublicanews.com.do\/live\/wp-json\/wp\/v2\/media\/1212"}],"wp:attachment":[{"href":"https:\/\/larepublicanews.com.do\/live\/wp-json\/wp\/v2\/media?parent=1211"}],"wp:term":[{"taxonomy":"category","embeddable":true,"href":"https:\/\/larepublicanews.com.do\/live\/wp-json\/wp\/v2\/categories?post=1211"},{"taxonomy":"post_tag","embeddable":true,"href":"https:\/\/larepublicanews.com.do\/live\/wp-json\/wp\/v2\/tags?post=1211"}],"curies":[{"name":"wp","href":"https:\/\/api.w.org\/{rel}","templated":true}]}}