{"id":1204,"date":"2020-05-11T01:40:13","date_gmt":"2020-05-11T01:40:13","guid":{"rendered":"http:\/\/diario24news.com\/hoy\/?p=1204"},"modified":"2020-05-11T01:40:13","modified_gmt":"2020-05-11T01:40:13","slug":"manuel-crespo-propone-al-pld-apoyar-a-leonel-en-las-elecciones-de-julio","status":"publish","type":"post","link":"https:\/\/larepublicanews.com.do\/live\/manuel-crespo-propone-al-pld-apoyar-a-leonel-en-las-elecciones-de-julio\/","title":{"rendered":"Manuel Crespo propone al PLD apoyar a Leonel en las elecciones de julio"},"content":{"rendered":"<p class=\"p1\">\n<p class=\"p1\"><span class=\"s1\">Santo Domingo. El delegado pol\u00edtico del partido Fuerza del Pueblo ante la Junta Central Electoral, Manuel Crespo, propuso a la militancia y dirigencia del Partido de la Liberaci\u00f3n Dominicana (PLD) apoyar la candidatura del expresidente Leonel Fern\u00e1ndez en las elecciones presidenciales del 5 julio pr\u00f3ximo.<\/span><\/p>\n<p class=\"p1\"><span class=\"s1\">Con esto se le evitar\u00eda al pa\u00eds ir a una segunda vuelta electoral, la cual est\u00e1 pautada para el d\u00eda 26 de julio.<\/span><\/p>\n<p class=\"p1\"><span class=\"s1\">\u201cNosotros tenemos un partido que se ha formado a nivel nacional, que es una realidad, que tiene cuerpo propio. \u00bfQu\u00e9 yo le recomendar\u00eda a esos amigos y compa\u00f1eros del viejo partido? Que, en vez de esperar un proceso de segunda vuelta para endosarle su apoyo a Leonel Fern\u00e1ndez, que lo hagan en la primera vuelta y as\u00ed le evitamos a la Rep\u00fablica Dominicana tener que participar en dos procesos electorales\u201d, sostuvo el dirigente pol\u00edtico.<\/span><\/p>\n<p class=\"p1\"><span class=\"s1\">Crespo dijo que el pa\u00eds se encuentra en medio de la pandemia del coronavirus, por lo que entiende que lo razonable es que los pelede\u00edstas lo apoyen ahora a Fern\u00e1ndez y evitar exponer a la poblaci\u00f3n a un posible contagio. Agreg\u00f3 que tambi\u00e9n se evitar\u00eda el gasto de m\u00e1s recursos.<\/span><\/p>\n<p class=\"p1\"><span class=\"s1\">Afirm\u00f3 que las encuestas indican que el exmandatario se ha consolidado en un segundo lugar, con un porcentaje entre 29% y 31%, mientras el candidato oficialista oscila entre un 19% y un 22%, lo que representa una ca\u00edda estrepitosa.<\/span><\/p>\n<p class=\"p1\"><span class=\"s1\">Entrevistado en el programa \u201cOrientaci\u00f3n Semanal\u201d, que conducen los periodistas Juan Francisco Mora y Jos\u00e9 Armando Polanco, cada domingo, a las 11:00 de la ma\u00f1ana por RNN, canal 27, el exmiembro del Comit\u00e9 Central del PLD adelant\u00f3 que en los pr\u00f3ximos d\u00edas m\u00e1s dirigentes importantes de esa organizaci\u00f3n pasar\u00e1n a las filas de la Fuerza del Pueblo.<\/span><\/p>\n<p class=\"p1\"><span class=\"s1\">El pasado mi\u00e9rcoles 6 del presente mes, el exembajador ante la OEA y miembro del Comit\u00e9 Central, Gede\u00f3n Santos, dej\u00f3 el partido de Gobierno para apoyar a Fern\u00e1ndez.<\/span><\/p>\n<p class=\"p1\"><span class=\"s1\">Crespo afirm\u00f3 que tambi\u00e9n figuras otros partidos pasar\u00e1n a apoyar la propuesta que encabeza el exmandatario.<\/span><\/p>\n<p class=\"p1\"><span class=\"s1\">\u201cAhora mismo se tiene proyectada, planteada, una segunda vuelta, seg\u00fan las encuestas; nadie gana en una primera vuelta. Hay tres polos electorales: uno lo encabeza Leonel Fern\u00e1ndez con la Fuerza del Pueblo y sus aliados, otro Luis Abinader y sus aliados y el otro el partido de gobierno con sus aliados\u201d, explic\u00f3.<\/span><\/p>\n<p class=\"p1\"><span class=\"s1\">Elecciones<\/span><\/p>\n<p class=\"p1\"><span class=\"s1\">Sobre los recursos para implementar las medidas de higienizaci\u00f3n durante el proceso electoral, argument\u00f3 que el Gobierno tiene los recursos para eso. Record\u00f3 que las autoridades recientemente tomaron un pr\u00e9stamo de US$650 millones al Fondo Monetario Internacional (FMI).<\/span><\/p>\n<p class=\"p1\"><span class=\"s1\">Crespo indic\u00f3 que las propuestas de seguridad que han planteado est\u00e1n acordes con las recomendaciones y sugerencias del OEA, OMS, IFES, incluso las de la Comisi\u00f3n de Alto Nivel que cre\u00f3 el Poder Ejecutivo.<\/span><\/p>\n<p class=\"p1\"><span class=\"s1\">Entre los principales prop\u00f3sitos est\u00e1n el asegurar el distanciamiento f\u00edsico entre los votantes, para esto ser\u00eda necesario que las mujeres y los hombres voten por separados.<\/span><\/p>\n<p class=\"p1\"><span class=\"s1\">En tanto, los partidos pol\u00edticos se han comprometido a descongestionar los centros de votaci\u00f3n, tan pronto los ciudadanos ejerzan su derecho, para evitar aglomeraci\u00f3n.<\/span><\/p>\n","protected":false},"excerpt":{"rendered":"<p>Santo Domingo. El delegado pol\u00edtico del partido Fuerza del Pueblo ante la Junta Central Electoral, Manuel Crespo, propuso a la militancia y dirigencia del Partido de la Liberaci\u00f3n Dominicana (PLD) apoyar la candidatura del expresidente Leonel Fern\u00e1ndez en las elecciones presidenciales del 5 julio pr\u00f3ximo. Con esto se le evitar\u00eda al pa\u00eds ir a una segunda vuelta electoral, la cual est\u00e1 pautada para el d\u00eda 26 de julio. \u201cNosotros tenemos un partido que se ha formado a nivel nacional, que es una realidad, que tiene cuerpo propio. \u00bfQu\u00e9 yo le&hellip;<\/p>\n","protected":false},"author":3,"featured_media":1202,"comment_status":"open","ping_status":"open","sticky":false,"template":"","format":"standard","meta":{"rop_custom_images_group":[],"rop_custom_messages_group":[],"rop_publish_now":"initial","rop_publish_now_accounts":[],"rop_publish_now_history":[],"rop_publish_now_status":"pending","footnotes":""},"categories":[22],"tags":[],"class_list":["post-1204","post","type-post","status-publish","format-standard","has-post-thumbnail","hentry","category-noticia"],"_links":{"self":[{"href":"https:\/\/larepublicanews.com.do\/live\/wp-json\/wp\/v2\/posts\/1204","targetHints":{"allow":["GET"]}}],"collection":[{"href":"https:\/\/larepublicanews.com.do\/live\/wp-json\/wp\/v2\/posts"}],"about":[{"href":"https:\/\/larepublicanews.com.do\/live\/wp-json\/wp\/v2\/types\/post"}],"author":[{"embeddable":true,"href":"https:\/\/larepublicanews.com.do\/live\/wp-json\/wp\/v2\/users\/3"}],"replies":[{"embeddable":true,"href":"https:\/\/larepublicanews.com.do\/live\/wp-json\/wp\/v2\/comments?post=1204"}],"version-history":[{"count":0,"href":"https:\/\/larepublicanews.com.do\/live\/wp-json\/wp\/v2\/posts\/1204\/revisions"}],"wp:featuredmedia":[{"embeddable":true,"href":"https:\/\/larepublicanews.com.do\/live\/wp-json\/wp\/v2\/media\/1202"}],"wp:attachment":[{"href":"https:\/\/larepublicanews.com.do\/live\/wp-json\/wp\/v2\/media?parent=1204"}],"wp:term":[{"taxonomy":"category","embeddable":true,"href":"https:\/\/larepublicanews.com.do\/live\/wp-json\/wp\/v2\/categories?post=1204"},{"taxonomy":"post_tag","embeddable":true,"href":"https:\/\/larepublicanews.com.do\/live\/wp-json\/wp\/v2\/tags?post=1204"}],"curies":[{"name":"wp","href":"https:\/\/api.w.org\/{rel}","templated":true}]}}