{"id":1191,"date":"2020-05-05T14:31:55","date_gmt":"2020-05-05T14:31:55","guid":{"rendered":"http:\/\/diario24news.com\/hoy\/?p=1191"},"modified":"2020-05-05T14:31:55","modified_gmt":"2020-05-05T14:31:55","slug":"fuerza-del-pueblo-y-aliados-presentan-a-la-jceprotocolo-para-el-proceso-electoral-en-tiempos-delcovid-19","status":"publish","type":"post","link":"https:\/\/larepublicanews.com.do\/live\/fuerza-del-pueblo-y-aliados-presentan-a-la-jceprotocolo-para-el-proceso-electoral-en-tiempos-delcovid-19\/","title":{"rendered":"Fuerza del Pueblo y aliados presentan a la JCE\u201cProtocolo para el Proceso Electoral en Tiempos delCOVID-19"},"content":{"rendered":"<p>&nbsp;<\/p>\n<p class=\"s5\"><span class=\"s7\"><span class=\"bumpedFont15\">Las organizaciones pol\u00edticas <\/span><\/span><span class=\"s8\"><span class=\"bumpedFont15\">Fuerza del Pueblo (FP), Partido Reformista Social Cristiano (PRSC), Bloque Institucional Socialdem\u00f3crata (BIS), Partido Quisqueyano Dem\u00f3crata Cristiano (PQDC), Partido de la Unidad Nacional (PUN) \u00a0y Fuerza Nacional Progresista (FNP), depositaron formalmente en la Secretaria General de la Junta Central Electoral, un proyecto de \u201cProtocolo para el Proceso Electoral en Tiempo de COVID-19\u201d<\/span><\/span><\/p>\n<p class=\"s5\">\n<p class=\"s5\"><span class=\"s8\"><span class=\"bumpedFont15\">As\u00ed lo explic\u00f3 el delegado ante la JCE de FP, Manuel Crespo, quien se\u00f1al\u00f3 que esta propuesta enlaza las medidas sanitarias con las electorales. <\/span><\/span><\/p>\n<p class=\"s5\">\n<p class=\"s5\"><span class=\"s8\"><span class=\"bumpedFont15\">\u201cSe hicieron las consultas pertinentes, incluyendo lo que sobre el tema han referido <\/span><\/span><span class=\"s8\"><span class=\"bumpedFont15\">la Organizaci\u00f3n Mundial de la Salud (OMS), la Organizaci\u00f3n Panamericana de la Salud (OPS), la Fundaci\u00f3n Internacional para Sistemas Electorales (IFES), la Organizaci\u00f3n de Estados Americanos (OEA) y la Comisi\u00f3n de Alto Nivel creada por el Poder Ejecutivo\u201d, precis\u00f3 Crespo al ser abordado por la prensa.<\/span><\/span><\/p>\n<p class=\"s5\">\n<p class=\"s5\"><span class=\"s8\"><span class=\"bumpedFont15\">Dijo que con las sugerencias contenidas en este <\/span><\/span><span class=\"s8\"><span class=\"bumpedFont15\">\u201cProtocolo para el Proceso Electoral en Tiempo de COVID-19\u201d, la JCE, enriqueci\u00e9ndolo, podr\u00e1 garantizarle al pa\u00eds, con el apoyo de las organizaciones pol\u00edticas, que las elecciones presidenciales y de senadores y diputados se celebren \u00a0con todas las garant\u00edas sanitarias.<\/span><\/span><\/p>\n<p class=\"s5\">\n<p class=\"s5\"><span class=\"s9\"><span class=\"bumpedFont15\">Proponen votaci\u00f3n sea en \u00a0dos tandas <\/span><\/span><\/p>\n<p class=\"s5\">\n<p class=\"s5\"><span class=\"s8\"><span class=\"bumpedFont15\">Apunt\u00f3 que la primera propuesta es respetar el distanciamiento f\u00edsico, para estos fines se propone celebrar la votaci\u00f3n en dos tandas de seis horas cada una. En la primera las mujeres de 7 a. m. a 1p. m., las cuales representan el 51% de los electores; y la segunda tanda de 1 pm a 7 pm, los hombres que constituyen el 49% de los electores.<\/span><\/span><\/p>\n<p class=\"s5\">\n<p class=\"s5\"><span class=\"s8\"><span class=\"bumpedFont15\">Manifest\u00f3 Crespo que los electores se percatar\u00e1n de que se incluyen medidas especiales para su seguridad sanitaria y que a estos fines la JCE deber\u00e1 adquirir 5.3 millones de kits conteniendo cada uno mascarilla, guantes y gel o servilletas desinfectante, para serle entregada a cada uno de los electores al llegar a su centro de votaci\u00f3n. Igual cantidad debe reservar para una eventual segunda vuelta.<\/span><\/span><\/p>\n<p class=\"s5\">\n<p class=\"s5\"><span class=\"s8\"><span class=\"bumpedFont15\">Explic\u00f3 que se colocar\u00e1n rayas a dos metros de distancia, dejando un espacio vac\u00edo entre un elector y otro, y que para eso un personal de apoyo de la JCE deber\u00e1 garantizar ese orden dentro del centro de votaci\u00f3n y en las aceras contiguas, si fuere necesario.<\/span><\/span><\/p>\n<p class=\"s5\">\n<p class=\"s5\"><span class=\"s8\"><span class=\"bumpedFont15\">Manifest\u00f3 que el elector pondr\u00e1 sus manos en cuatro momentos, y en todos se aplicar\u00e1n medidas de higiene desinfectante: al recibir el kit sanitario al ingresar al centro de votaci\u00f3n, al que debe pasarle con su entrega la servilleta o gel desinfectante; al recibir la boleta y la felpa para marcar la boleta, al entreg\u00e1rsela el funcionario de mesa de su colegio, la pasar\u00e1 servilleta desinfectante; tercera, al pasar a firmar en su casilla del padr\u00f3n electoral, teniendo el funcionario de mesa la obligaci\u00f3n de desinfectar el bol\u00edgrafo antes del votante recibirlo: y por \u00faltimo, al recibir en devoluci\u00f3n su c\u00e9dula el elector, a la que el funcionario de mesa debe pasarle al pl\u00e1stico que la recubre otra servilleta desinfectante. <\/span><\/span><\/p>\n<p class=\"s5\">\n<p class=\"s5\"><span class=\"s8\"><span class=\"bumpedFont15\">Dijo que en el proyecto de \u201cProtocolo para el Proceso Electoral en Tiempo de COVID-19\u201dque han presentado los partidos Fuerza del Pueblo y los aliados mencionados, se le plantea a la JCE que todo el personal a trabajar en los colegios, centros de votaci\u00f3n, juntas municipales y el administrativo de apoyo y seguridad, sean evaluados con pruebas r\u00e1pidas y PCR. <\/span><\/span><\/p>\n<p class=\"s5\">\n<p class=\"s5\"><span class=\"s8\"><span class=\"bumpedFont15\">Manifest\u00f3 en este mismo sentido proceder con los familiares que conviven en un mismo hogar con ese personal humano que ofrecer\u00e1 sus servicios el d\u00eda de las elecciones.<\/span><\/span><\/p>\n<p class=\"s5\">\n<p class=\"s5\"><span class=\"s8\"><span class=\"bumpedFont15\">\u201cSe plantean muchas medidas m\u00e1s, las cuales deber\u00e1n ser asumidas por el Pleno de la JCE y divulgadas a toda la poblaci\u00f3n<\/span><\/span><span class=\"s10\"><span class=\"bumpedFont15\">, mediante una campa\u00f1a publicitaria\u201d, expres\u00f3 Crespo. \u00a0<\/span><\/span><\/p>\n<p class=\"s5\">\n<p class=\"s5\"><span class=\"s10\"><span class=\"bumpedFont15\">Apunt\u00f3 que la JCE y los partidos pol\u00edticos deben establecer la garant\u00eda sanitaria-electoral para que haya confiabilidad en el proceso.<\/span><\/span><\/p>\n<p class=\"s5\">\n<p class=\"s5\"><span class=\"s11\"><span class=\"bumpedFont15\">Asegurar el voto en el exterior <\/span><\/span><\/p>\n<p class=\"s5\">\n<p class=\"s5\"><span class=\"s10\"><span class=\"bumpedFont15\">Asimismo, dijo que han depositado instancia para asegurar el voto en el exterior, gestionando las autorizaciones de los pa\u00edses, conforme a un protocolo sanitario. <\/span><\/span><\/p>\n<p class=\"s5\">\n<p class=\"s5\"><span class=\"s10\"><span class=\"bumpedFont15\">\u201cEn una tercera instancia la Fuerza del Pueblo y partidos aliados, presentamos el requerimiento al Pleno de la JCE, para que retomando sus propios precedentes, constituya una direcci\u00f3n colegiada en el Departamento de Inform\u00e1tica y proceda a crear una Unidad de Auditoria Interna, suscrita al Pleno, para revisar y comprobar los procedimientos y normas que se aplicaran \u00a0en el referido departamento\u201d, expres\u00f3 el delegado pol\u00edtico de FP ante el \u00f3rgano electoral.<\/span><\/span><\/p>\n<p class=\"s5\">\n<p class=\"s5\"><span class=\"s10\"><span class=\"bumpedFont15\">Dijo que el Pleno de la JCE debe tener mayores aperturas, ya que este ser\u00e1 un proceso comicial excepcional que requiere la buena voluntad de todos. Lograr un gran \u00e9xito trascender\u00e1 en el mundo, puesto que muchos otros pa\u00edses han suspendidos sus elecciones y querr\u00e1n aprender de nosotros, como pa\u00eds.<\/span><\/span><a name=\"_GoBack\"><\/a><\/p>\n<p class=\"s5\">\n","protected":false},"excerpt":{"rendered":"<p>&nbsp; Las organizaciones pol\u00edticas Fuerza del Pueblo (FP), Partido Reformista Social Cristiano (PRSC), Bloque Institucional Socialdem\u00f3crata (BIS), Partido Quisqueyano Dem\u00f3crata Cristiano (PQDC), Partido de la Unidad Nacional (PUN) \u00a0y Fuerza Nacional Progresista (FNP), depositaron formalmente en la Secretaria General de la Junta Central Electoral, un proyecto de \u201cProtocolo para el Proceso Electoral en Tiempo de COVID-19\u201d As\u00ed lo explic\u00f3 el delegado ante la JCE de FP, Manuel Crespo, quien se\u00f1al\u00f3 que esta propuesta enlaza las medidas sanitarias con las electorales. \u201cSe hicieron las consultas pertinentes, incluyendo lo que sobre el&hellip;<\/p>\n","protected":false},"author":3,"featured_media":1192,"comment_status":"open","ping_status":"open","sticky":false,"template":"","format":"standard","meta":{"rop_custom_images_group":[],"rop_custom_messages_group":[],"rop_publish_now":"initial","rop_publish_now_accounts":[],"rop_publish_now_history":[],"rop_publish_now_status":"pending","footnotes":""},"categories":[22],"tags":[],"class_list":["post-1191","post","type-post","status-publish","format-standard","has-post-thumbnail","hentry","category-noticia"],"_links":{"self":[{"href":"https:\/\/larepublicanews.com.do\/live\/wp-json\/wp\/v2\/posts\/1191","targetHints":{"allow":["GET"]}}],"collection":[{"href":"https:\/\/larepublicanews.com.do\/live\/wp-json\/wp\/v2\/posts"}],"about":[{"href":"https:\/\/larepublicanews.com.do\/live\/wp-json\/wp\/v2\/types\/post"}],"author":[{"embeddable":true,"href":"https:\/\/larepublicanews.com.do\/live\/wp-json\/wp\/v2\/users\/3"}],"replies":[{"embeddable":true,"href":"https:\/\/larepublicanews.com.do\/live\/wp-json\/wp\/v2\/comments?post=1191"}],"version-history":[{"count":0,"href":"https:\/\/larepublicanews.com.do\/live\/wp-json\/wp\/v2\/posts\/1191\/revisions"}],"wp:featuredmedia":[{"embeddable":true,"href":"https:\/\/larepublicanews.com.do\/live\/wp-json\/wp\/v2\/media\/1192"}],"wp:attachment":[{"href":"https:\/\/larepublicanews.com.do\/live\/wp-json\/wp\/v2\/media?parent=1191"}],"wp:term":[{"taxonomy":"category","embeddable":true,"href":"https:\/\/larepublicanews.com.do\/live\/wp-json\/wp\/v2\/categories?post=1191"},{"taxonomy":"post_tag","embeddable":true,"href":"https:\/\/larepublicanews.com.do\/live\/wp-json\/wp\/v2\/tags?post=1191"}],"curies":[{"name":"wp","href":"https:\/\/api.w.org\/{rel}","templated":true}]}}