{"id":1174,"date":"2020-05-01T14:12:52","date_gmt":"2020-05-01T14:12:52","guid":{"rendered":"http:\/\/diario24news.com\/hoy\/?p=1174"},"modified":"2020-05-01T14:12:52","modified_gmt":"2020-05-01T14:12:52","slug":"leonel-fernandez-gobierno-debe-buscar-una-forma-de-asistir-a-todos-los-trabajadores-que-no-estan-cubiertos-en-fase","status":"publish","type":"post","link":"https:\/\/larepublicanews.com.do\/live\/leonel-fernandez-gobierno-debe-buscar-una-forma-de-asistir-a-todos-los-trabajadores-que-no-estan-cubiertos-en-fase\/","title":{"rendered":"Leonel Fern\u00e1ndez: \u201cGobierno debe buscar una forma de asistir a todos los trabajadores que no est\u00e1n cubiertos en FASE\u201d"},"content":{"rendered":"<p class=\"s3\">\n<p class=\"s3\"><span class=\"s6\"><span class=\"bumpedFont15\">Sugiere usar partida del anticipo de US$185 MM de la miner\u00eda<\/span><\/span><\/p>\n<p class=\"s3\">\n<p class=\"s3\"><span class=\"s7\"><span class=\"bumpedFont15\">El presidente de la Fuerza del Pueblo (FP), Leonel Fern\u00e1ndez, sugiri\u00f3 al gobierno usar una partida de los 185 millones de d\u00f3lares recibidos como anticipo de la miner\u00eda para asistir a los trabajadores mineros cesantes, como a otros sectores vulnerables que demandan asistencia ante esta crisis derivada de la pandemia por el COVID-19. <\/span><\/span><\/p>\n<p class=\"s3\">\n<p class=\"s3\"><span class=\"s7\"><span class=\"bumpedFont15\">Fern\u00e1ndez, tambi\u00e9n \u00a0precis\u00f3 que el Gobierno podr\u00eda elevar de doce a veinte mil millones el uso de los fondos de Riesgos Laborales y as\u00ed garantizar\u00eda un aumento hasta los 15 mil pesos, referente a la canasta b\u00e1sica familiar, para los trabajadores protegidos por el Fondo de Asistencia Solidaria al Empleado (FASE). \u00a0 \u00a0<\/span><\/span><\/p>\n<p class=\"s3\">\n<p class=\"s3\"><span class=\"s7\"><span class=\"bumpedFont15\">\u201cEl gobierno debe buscar una forma de asistir a todos los trabajadores que no est\u00e1n cubiertos en el FASE, ya que la crisis afecta a toda la poblaci\u00f3n, sin importar el sector o su condici\u00f3n social\u201d, expres\u00f3.<\/span><\/span><\/p>\n<p class=\"s3\">\n<p class=\"s3\"><span class=\"s7\"><span class=\"bumpedFont15\">El candidato presidencial por la Fuerza del Pueblo, calific\u00f3 como insuficientes los programas del gobierno para asistir y proteger a los a los ciudadanos que conforman los diferentes sectores de la sociedad dominicana. <\/span><\/span><\/p>\n<p class=\"s3\">\n<p class=\"s3\"><span class=\"s7\"><span class=\"bumpedFont15\">Fern\u00e1ndez hizo dicha afirmaci\u00f3n al sostener un di\u00e1logo virtual con dirigentes sindicales y de federaciones de diferentes sectores de la vida nacional, a ra\u00edz de la crisis sanitaria y econ\u00f3mica provocada por el COVID-19. \u00a0<\/span><\/span><\/p>\n<p class=\"s3\">\n<p class=\"s3\"><span class=\"s7\"><span class=\"bumpedFont15\">Precis\u00f3 que los fondos del sistema de pensiones son propiedad de los trabajadores dominicanos y que la decisi\u00f3n final descansa en el Congreso de la Rep\u00fablica.<\/span><\/span><\/p>\n<p class=\"s3\">\n<p class=\"s3\"><span class=\"s7\"><span class=\"bumpedFont15\">Dijo que el pr\u00f3ximo gobierno debe propiciar el consenso y la unidad nacional para articular pol\u00edticas econ\u00f3micas y sociales que garanticen el progreso en toda la sociedad dominicana.<\/span><\/span><\/p>\n<p class=\"s3\">\n<p class=\"s3\"><span class=\"s7\"><span class=\"bumpedFont15\">Durante el di\u00e1logo el exmandatario resalt\u00f3 el trabajo de todo el personal de salud que labora arduamente para frenar la pandemia del coronavirus, quienes a pesar de las precarias condiciones han realizado una labor tit\u00e1nica en todos los centros hospitalarios del pa\u00eds.<\/span><\/span><\/p>\n<p class=\"s3\">\n<p class=\"s3\"><span class=\"s7\"><span class=\"bumpedFont15\">El referido di\u00e1logo virtual con dirigentes sindicales se realiz\u00f3 en el marco de la celebraci\u00f3n del D\u00eda del trabajador, quien inicialmente hizo referencia a los hechos escenificados en torno a los trabajadores de Chicago y otros acontecimientos que dieron origen a la institucionalizaci\u00f3n del primero de mayo, para conmemorar esa fecha.<\/span><\/span><\/p>\n<p class=\"s3\">\n<p class=\"s3\"><span class=\"s7\"><span class=\"bumpedFont15\">Calific\u00f3 como madura la visi\u00f3n sindical de la Republica Dominicana, por lo visualiza un futuro de desarrollo y de bienestar para los referidos sectores.<\/span><\/span><\/p>\n<p class=\"s3\">\n<p class=\"s3\"><span class=\"s7\"><span class=\"bumpedFont15\">Durante el encuentro virtual, los dirigentes sindicales expusieron c\u00f3mo la crisis provocada por el COVID-19 ha golpeado a los miembros de sus respectivos sectores, por lo que claman al gobierno una pronta intervenci\u00f3n.<\/span><\/span><\/p>\n<p class=\"s3\">\n<p class=\"s3\"><span class=\"s7\"><span class=\"bumpedFont15\">En el referido di\u00e1logo virtual participaron dirigentes sindicales y de federaciones, entre ellos Rafael (Pepe) Abreu, Julio C\u00e9sar Garc\u00eda, Santiago D\u00edaz, Eulogia Familia, Santos S\u00e1nchez, Jos\u00e9 Luis Le\u00f3n, C\u00e9sar Vicioso, Reynaldo Hern\u00e1ndez, Tom\u00e1s Chery Morel, Ariel Acevedo, Clemente Morillo, Anazario Rodr\u00edguez e Ylario De Jes\u00fas M\u00e9ndez<\/span><\/span><\/p>\n<p class=\"s3\">\n","protected":false},"excerpt":{"rendered":"<p>Sugiere usar partida del anticipo de US$185 MM de la miner\u00eda El presidente de la Fuerza del Pueblo (FP), Leonel Fern\u00e1ndez, sugiri\u00f3 al gobierno usar una partida de los 185 millones de d\u00f3lares recibidos como anticipo de la miner\u00eda para asistir a los trabajadores mineros cesantes, como a otros sectores vulnerables que demandan asistencia ante esta crisis derivada de la pandemia por el COVID-19. Fern\u00e1ndez, tambi\u00e9n \u00a0precis\u00f3 que el Gobierno podr\u00eda elevar de doce a veinte mil millones el uso de los fondos de Riesgos Laborales y as\u00ed garantizar\u00eda un&hellip;<\/p>\n","protected":false},"author":3,"featured_media":1175,"comment_status":"open","ping_status":"open","sticky":false,"template":"","format":"standard","meta":{"rop_custom_images_group":[],"rop_custom_messages_group":[],"rop_publish_now":"initial","rop_publish_now_accounts":[],"rop_publish_now_history":[],"rop_publish_now_status":"pending","footnotes":""},"categories":[22],"tags":[],"class_list":["post-1174","post","type-post","status-publish","format-standard","has-post-thumbnail","hentry","category-noticia"],"_links":{"self":[{"href":"https:\/\/larepublicanews.com.do\/live\/wp-json\/wp\/v2\/posts\/1174","targetHints":{"allow":["GET"]}}],"collection":[{"href":"https:\/\/larepublicanews.com.do\/live\/wp-json\/wp\/v2\/posts"}],"about":[{"href":"https:\/\/larepublicanews.com.do\/live\/wp-json\/wp\/v2\/types\/post"}],"author":[{"embeddable":true,"href":"https:\/\/larepublicanews.com.do\/live\/wp-json\/wp\/v2\/users\/3"}],"replies":[{"embeddable":true,"href":"https:\/\/larepublicanews.com.do\/live\/wp-json\/wp\/v2\/comments?post=1174"}],"version-history":[{"count":0,"href":"https:\/\/larepublicanews.com.do\/live\/wp-json\/wp\/v2\/posts\/1174\/revisions"}],"wp:featuredmedia":[{"embeddable":true,"href":"https:\/\/larepublicanews.com.do\/live\/wp-json\/wp\/v2\/media\/1175"}],"wp:attachment":[{"href":"https:\/\/larepublicanews.com.do\/live\/wp-json\/wp\/v2\/media?parent=1174"}],"wp:term":[{"taxonomy":"category","embeddable":true,"href":"https:\/\/larepublicanews.com.do\/live\/wp-json\/wp\/v2\/categories?post=1174"},{"taxonomy":"post_tag","embeddable":true,"href":"https:\/\/larepublicanews.com.do\/live\/wp-json\/wp\/v2\/tags?post=1174"}],"curies":[{"name":"wp","href":"https:\/\/api.w.org\/{rel}","templated":true}]}}