{"id":1171,"date":"2020-04-30T13:56:55","date_gmt":"2020-04-30T13:56:55","guid":{"rendered":"http:\/\/diario24news.com\/hoy\/?p=1171"},"modified":"2020-04-30T13:56:55","modified_gmt":"2020-04-30T13:56:55","slug":"la-improvisacion-es-una-epidemia-peor-que-coronavirus","status":"publish","type":"post","link":"https:\/\/larepublicanews.com.do\/live\/la-improvisacion-es-una-epidemia-peor-que-coronavirus\/","title":{"rendered":"La improvisaci\u00f3n es una epidemia peor que coronavirus"},"content":{"rendered":"<p>&nbsp;<\/p>\n<p>Santo Domingo. RD.\u00a0Ante la situaci\u00f3n imperan\u00adte en el pa\u00eds, muchos analis\u00adtas y expertos utilizan en sus argumentaciones el t\u00e9rmino \u201cimprovisaci\u00f3n\u201d para definir las ineficientes y tard\u00edas me\u00addidas que el gobierno ha to\u00admado ante la pandemia del COVID-19, que se ha consti\u00adtuido en la peor crisis en t\u00e9r\u00adminos de la sanidad p\u00fablica, econ\u00f3mica y estabilidad so\u00adcial en nuestro pa\u00eds y en todo el planeta.<\/p>\n<p>Es preciso aclarar, que el \u00e1nimo que deber\u00eda pre\u00advalecer en los buenos ciu\u00addadanos ante esta calami\u00addad que nos abate ser\u00eda la de no criticar al gobierno, sino m\u00e1s bien, la de cola\u00adborar en sus iniciativas, co\u00admo muchos lo han hecho, incluyendo los l\u00edderes de la oposici\u00f3n pol\u00edtica.<\/p>\n<p>Sin embargo, viendo to\u00addo en perspectiva, las me\u00addidas gubernamentales de\u00adjan mucho que desear tras conocerse el primer infecta\u00ad \u00a0infecta\u00addo extranjero -Claudio Pas\u00adcualini-, o peor, a sabiendas de que exist\u00eda desde inicios de a\u00f1o una pandemia de ca\u00adr\u00e1cter global, por lo que mu\u00adchos expertos en la materia siguen sin entender este des\u00adfase y nos preguntamos: \u00bfNo es el presidente de la Rep\u00fa\u00adblica la persona mejor infor\u00admada del pa\u00eds? \u00bfNo es este gobierno y su cabeza princi\u00adpal que m\u00e1s y mejores rela\u00adciones de Estado tiene con la Rep\u00fablica Popular China? \u00bfA caso no sab\u00edan que desde finales de diciembre exist\u00eda ese virus en Wuhan, China, de su propagaci\u00f3n por Co\u00adrea del Sur, Jap\u00f3n y Singa\u00adpur, y que luego se convirti\u00f3 en una cat\u00e1strofe sanitaria en Italia, Espa\u00f1a y el resto de Europa?<\/p>\n<p>Ante tales acontecimien\u00adtos, \u00bfpor qu\u00e9 tanta \u201cimpre\u00advisi\u00f3n\u201d a pesar de todas estas \u201calertas\u201d tempranas? Toda\u00adv\u00eda al d\u00eda de hoy, mediados del mes de abril, el gobierno no ha comprado la cantidad de pruebas necesarias para enfrentar la crisis. \u00bfCu\u00e1l es la raz\u00f3n subyacente en todo es\u00adto? \u00bfQu\u00e9 se busca? Por ello, las sospechas de las reales razones nos obligan a agre\u00adgar el adjetivo \u201cpremedita\u00addo\u201d al t\u00e9rmino de \u201cimprovi\u00adsaci\u00f3n\u201d, para que se lea de la siguiente manera: \u201cimprovi\u00adsaci\u00f3n premeditada\u201d.<\/p>\n<p>En este contexto, y luego de analizado el reciente dis\u00adcurso del presidente el pasa\u00addo 18 de abril, m\u00e1s razones encontramos para concluir, que tenemos grandes pro\u00adbabilidades de que no habr\u00e1 elecciones el pr\u00f3ximo mes de julio, que se est\u00e1 distan\u00adciando de su candidato ofi\u00adcialista, Gonzalo Castillo, pues elogia a la persona que le permite dar \u201cpan\u201d a tra\u00adv\u00e9s de la eficiente estructu\u00adra del Programa Solidaridad, mientras \u00e9l contin\u00faa dando \u201ccirco\u201d con sus maniobras sigilosas desde las sombras. \u00a1Ojal\u00e1 equivocarme!<\/p>\n<p>&nbsp;<\/p>\n<p>Que nadie se llame a en\u00adga\u00f1os, ya que un mandata\u00adrio que desde el inicio de su gobierno impact\u00f3 con sus famosas \u201cvisitas sorpresas\u201d, hoy nos asombra con sus \u201causencias sorpresas\u201d. Pero lejos de muchos creer que se encuentra ausente o ajeno a lo que pasa, las evidencias indican todo lo contrario. Creo que en realidad est\u00e1 m\u00e1s concentrado en mane\u00adjar los hilos del poder, pero con la diferencia, de que no es tan solo para gestionar la crisis del COVID-19 que nos abate, si no, con el fin \u00falti\u00admo de prolongar su manda\u00adto m\u00e1s all\u00e1 del 16 de agosto, para ganar m\u00e1s tiempo en el complimiento de sus planes.<\/p>\n<p>&nbsp;<\/p>\n<p>Basta con leer un segmen\u00adto de su alocuci\u00f3n, cito: \u201c\u2026dentro de un a\u00f1o, podamos mirar atr\u00e1s y decir que logra\u00admos salir con bien de este di\u00adf\u00edcil momento. Cuando eso ocurra, yo ya no ser\u00e9 su pre\u00adsidente.\u201d<\/p>\n<p>Si busc\u00e1ramos un pensa\u00admiento que defina mejor el referido discurso ser\u00eda: \u201cBas\u00adta una mentira, para poner en duda todas las verdades.\u201d<\/p>\n<p>Desde el desprecio a las solicitudes de una cumbre del liderazgo pol\u00edtico para aunar voluntades, la incor\u00adporaci\u00f3n del Colegio M\u00e9\u00addico Dominicano (CMD) como eje transmisor de pro\u00adfesionales de vasta experien\u00adcia, hasta la falta de transpa\u00adrencia en las cifras oficiales y las compras y contratacio\u00adnes del Estado, en pocos me\u00adses el gobierno dominicano ha dilapidado el poco capital pol\u00edtico que le quedaba, au\u00admentando el grado de des\u00adconfianza en la poblaci\u00f3n, que hoy se sit\u00faa en un 70% seg\u00fan las recientes encues\u00adtas.<\/p>\n<p>En efecto, esa falta de dia\u00adfanidad en las pol\u00edticas in\u00adternas gubernamentales se\u00adr\u00e1 la causa fundamental que los pondr\u00e1 en jaque, pues los resultados de su ausencia de planificaci\u00f3n para rever\u00adtir la crisis est\u00e1n a la vista de todos, generando estr\u00e9s so\u00adcial, ansiedad, desesperanza y exasperaci\u00f3n en la pobla\u00adci\u00f3n. Las evidentes contra\u00addicciones de informes y ac\u00adciones entre los principales ministros y las mismas cifras ofrecidas por el presidente son el s\u00edntoma m\u00e1s claro de que las cosas andan mal, y que de no cambiar el rumbo.<\/p>\n<p>Por la falta de credibilidad y confianza en su accionar, la gran mayor\u00eda de los ciuda\u00addanos no respetan las medi\u00addas restrictivas de las auto\u00adridades. Solo basta con ver las masivas aglomeraciones de personas sin ning\u00fan tipo de protecci\u00f3n en mercados y plazas; la violaci\u00f3n flagran\u00adtemente del toque de queda con sus decenas de miles de detenidos, que luego son li\u00adberados sin saber que mu\u00adchos son vectores de conta\u00adgio producto de ello; incluso, tampoco nadie ha hecho ca\u00adso de la recomendaci\u00f3n pre\u00adsidencial sobre el uso obliga\u00adtorio de mascarillas.<\/p>\n","protected":false},"excerpt":{"rendered":"<p>&nbsp; Santo Domingo. RD.\u00a0Ante la situaci\u00f3n imperan\u00adte en el pa\u00eds, muchos analis\u00adtas y expertos utilizan en sus argumentaciones el t\u00e9rmino \u201cimprovisaci\u00f3n\u201d para definir las ineficientes y tard\u00edas me\u00addidas que el gobierno ha to\u00admado ante la pandemia del COVID-19, que se ha consti\u00adtuido en la peor crisis en t\u00e9r\u00adminos de la sanidad p\u00fablica, econ\u00f3mica y estabilidad so\u00adcial en nuestro pa\u00eds y en todo el planeta. Es preciso aclarar, que el \u00e1nimo que deber\u00eda pre\u00advalecer en los buenos ciu\u00addadanos ante esta calami\u00addad que nos abate ser\u00eda la de no criticar al gobierno,&hellip;<\/p>\n","protected":false},"author":3,"featured_media":1172,"comment_status":"open","ping_status":"open","sticky":false,"template":"","format":"standard","meta":{"rop_custom_images_group":[],"rop_custom_messages_group":[],"rop_publish_now":"initial","rop_publish_now_accounts":[],"rop_publish_now_history":[],"rop_publish_now_status":"pending","footnotes":""},"categories":[22],"tags":[],"class_list":["post-1171","post","type-post","status-publish","format-standard","has-post-thumbnail","hentry","category-noticia"],"_links":{"self":[{"href":"https:\/\/larepublicanews.com.do\/live\/wp-json\/wp\/v2\/posts\/1171","targetHints":{"allow":["GET"]}}],"collection":[{"href":"https:\/\/larepublicanews.com.do\/live\/wp-json\/wp\/v2\/posts"}],"about":[{"href":"https:\/\/larepublicanews.com.do\/live\/wp-json\/wp\/v2\/types\/post"}],"author":[{"embeddable":true,"href":"https:\/\/larepublicanews.com.do\/live\/wp-json\/wp\/v2\/users\/3"}],"replies":[{"embeddable":true,"href":"https:\/\/larepublicanews.com.do\/live\/wp-json\/wp\/v2\/comments?post=1171"}],"version-history":[{"count":0,"href":"https:\/\/larepublicanews.com.do\/live\/wp-json\/wp\/v2\/posts\/1171\/revisions"}],"wp:featuredmedia":[{"embeddable":true,"href":"https:\/\/larepublicanews.com.do\/live\/wp-json\/wp\/v2\/media\/1172"}],"wp:attachment":[{"href":"https:\/\/larepublicanews.com.do\/live\/wp-json\/wp\/v2\/media?parent=1171"}],"wp:term":[{"taxonomy":"category","embeddable":true,"href":"https:\/\/larepublicanews.com.do\/live\/wp-json\/wp\/v2\/categories?post=1171"},{"taxonomy":"post_tag","embeddable":true,"href":"https:\/\/larepublicanews.com.do\/live\/wp-json\/wp\/v2\/tags?post=1171"}],"curies":[{"name":"wp","href":"https:\/\/api.w.org\/{rel}","templated":true}]}}