{"id":1161,"date":"2020-04-14T11:46:08","date_gmt":"2020-04-14T11:46:08","guid":{"rendered":"http:\/\/diario24news.com\/hoy\/?p=1161"},"modified":"2020-04-14T11:46:08","modified_gmt":"2020-04-14T11:46:08","slug":"video-los-trapos-sucios-detras-del-lado-brillante-de-la-moda","status":"publish","type":"post","link":"https:\/\/larepublicanews.com.do\/live\/video-los-trapos-sucios-detras-del-lado-brillante-de-la-moda\/","title":{"rendered":"Video Los trapos sucios detr\u00e1s del \u201clado brillante\u201d de la moda"},"content":{"rendered":"<p style=\"text-align: left;\">\nEste reportaje de investigaci\u00f3n echa un vistazo detr\u00e1s de la resplandeciente fachada de la moda de lujo. Con c\u00e1mara oculta, muestra las condiciones en las granjas chinas de pieles y c\u00f3mo se trata a inmigrantes en curtiembres italianas.<\/p>\n<p>https:\/\/youtu.be\/hCM4w3Iybd4<\/p>\n<p>&nbsp;<\/p>\n<p>Fuerte: Grandes medios<\/p>\n","protected":false},"excerpt":{"rendered":"<p>Este reportaje de investigaci\u00f3n echa un vistazo detr\u00e1s de la resplandeciente fachada de la moda de lujo. Con c\u00e1mara oculta, muestra las condiciones en las granjas chinas de pieles y c\u00f3mo se trata a inmigrantes en curtiembres italianas. https:\/\/youtu.be\/hCM4w3Iybd4 &nbsp; Fuerte: Grandes medios<\/p>\n","protected":false},"author":3,"featured_media":0,"comment_status":"open","ping_status":"open","sticky":false,"template":"","format":"standard","meta":{"rop_custom_images_group":[],"rop_custom_messages_group":[],"rop_publish_now":"initial","rop_publish_now_accounts":[],"rop_publish_now_history":[],"rop_publish_now_status":"pending","footnotes":""},"categories":[8],"tags":[],"class_list":["post-1161","post","type-post","status-publish","format-standard","hentry","category-documental"],"_links":{"self":[{"href":"https:\/\/larepublicanews.com.do\/live\/wp-json\/wp\/v2\/posts\/1161","targetHints":{"allow":["GET"]}}],"collection":[{"href":"https:\/\/larepublicanews.com.do\/live\/wp-json\/wp\/v2\/posts"}],"about":[{"href":"https:\/\/larepublicanews.com.do\/live\/wp-json\/wp\/v2\/types\/post"}],"author":[{"embeddable":true,"href":"https:\/\/larepublicanews.com.do\/live\/wp-json\/wp\/v2\/users\/3"}],"replies":[{"embeddable":true,"href":"https:\/\/larepublicanews.com.do\/live\/wp-json\/wp\/v2\/comments?post=1161"}],"version-history":[{"count":0,"href":"https:\/\/larepublicanews.com.do\/live\/wp-json\/wp\/v2\/posts\/1161\/revisions"}],"wp:attachment":[{"href":"https:\/\/larepublicanews.com.do\/live\/wp-json\/wp\/v2\/media?parent=1161"}],"wp:term":[{"taxonomy":"category","embeddable":true,"href":"https:\/\/larepublicanews.com.do\/live\/wp-json\/wp\/v2\/categories?post=1161"},{"taxonomy":"post_tag","embeddable":true,"href":"https:\/\/larepublicanews.com.do\/live\/wp-json\/wp\/v2\/tags?post=1161"}],"curies":[{"name":"wp","href":"https:\/\/api.w.org\/{rel}","templated":true}]}}