{"id":1158,"date":"2020-04-14T11:10:32","date_gmt":"2020-04-14T11:10:32","guid":{"rendered":"http:\/\/diario24news.com\/hoy\/?p=1158"},"modified":"2020-04-14T11:10:32","modified_gmt":"2020-04-14T11:10:32","slug":"expresidente-leonel-fernandez-ve-jce-actuo-con-inteligencia-al-posponer-elecciones","status":"publish","type":"post","link":"https:\/\/larepublicanews.com.do\/live\/expresidente-leonel-fernandez-ve-jce-actuo-con-inteligencia-al-posponer-elecciones\/","title":{"rendered":"Expresidente Leonel Fern\u00e1ndez ve JCE actu\u00f3 con inteligencia al posponer elecciones"},"content":{"rendered":"<p>Santo Domingo.-El expresidente de la Rep\u00fablica y candidato presidencial del partido Fuerza del Pueblo, Leonel Fern\u00e1ndez, calific\u00f3 como una \u201csoluci\u00f3n inteligente\u201d la posposici\u00f3n de las elecciones presidenciales y congresuales programadas para mayo pr\u00f3ximo.<\/p>\n<p>Fern\u00e1ndez indic\u00f3 que obviamente las elecciones no pod\u00edan ser el mes que viene y que en junio todav\u00eda habr\u00e1 incertidumbre en el pa\u00eds por el impacto del coronavirus (COVID-19), por lo que, a su juicio, julio es una fecha adecuada.<br \/>\n\u201cJulio puede ser una fecha adecuada y esperamos que as\u00ed sea, que no tengamos que cambiar y que todo pueda resolverse antes del 16 de agosto para que el pr\u00f3ximo Gobierno, las pr\u00f3ximas autoridades asuman su mandato en el plazo concebido por la Constituci\u00f3n de la Rep\u00fablica\u201d, manifest\u00f3 durante una transmisi\u00f3n en vivo por las redes sociales con el presidente de la Asociaci\u00f3n Nacional de J\u00f3venes Empresarios (ANJE), Radham\u00e9s Mart\u00ednez.<\/p>\n<p>Este lunes la Junta Central Electoral (JCE) inform\u00f3 que las elecciones generales congresuales y presidenciales se posponen para el 5 de julio, debido a la emergencia nacional provocada por el coronavirus.<\/p>\n<p>Fuerte: Paso a paso<\/p>\n","protected":false},"excerpt":{"rendered":"<p>Santo Domingo.-El expresidente de la Rep\u00fablica y candidato presidencial del partido Fuerza del Pueblo, Leonel Fern\u00e1ndez, calific\u00f3 como una \u201csoluci\u00f3n inteligente\u201d la posposici\u00f3n de las elecciones presidenciales y congresuales programadas para mayo pr\u00f3ximo. Fern\u00e1ndez indic\u00f3 que obviamente las elecciones no pod\u00edan ser el mes que viene y que en junio todav\u00eda habr\u00e1 incertidumbre en el pa\u00eds por el impacto del coronavirus (COVID-19), por lo que, a su juicio, julio es una fecha adecuada. \u201cJulio puede ser una fecha adecuada y esperamos que as\u00ed sea, que no tengamos que cambiar y&hellip;<\/p>\n","protected":false},"author":3,"featured_media":1159,"comment_status":"open","ping_status":"open","sticky":false,"template":"","format":"standard","meta":{"rop_custom_images_group":[],"rop_custom_messages_group":[],"rop_publish_now":"initial","rop_publish_now_accounts":[],"rop_publish_now_history":[],"rop_publish_now_status":"pending","footnotes":""},"categories":[12],"tags":[],"class_list":["post-1158","post","type-post","status-publish","format-standard","has-post-thumbnail","hentry","category-elecciones-2020"],"_links":{"self":[{"href":"https:\/\/larepublicanews.com.do\/live\/wp-json\/wp\/v2\/posts\/1158","targetHints":{"allow":["GET"]}}],"collection":[{"href":"https:\/\/larepublicanews.com.do\/live\/wp-json\/wp\/v2\/posts"}],"about":[{"href":"https:\/\/larepublicanews.com.do\/live\/wp-json\/wp\/v2\/types\/post"}],"author":[{"embeddable":true,"href":"https:\/\/larepublicanews.com.do\/live\/wp-json\/wp\/v2\/users\/3"}],"replies":[{"embeddable":true,"href":"https:\/\/larepublicanews.com.do\/live\/wp-json\/wp\/v2\/comments?post=1158"}],"version-history":[{"count":0,"href":"https:\/\/larepublicanews.com.do\/live\/wp-json\/wp\/v2\/posts\/1158\/revisions"}],"wp:featuredmedia":[{"embeddable":true,"href":"https:\/\/larepublicanews.com.do\/live\/wp-json\/wp\/v2\/media\/1159"}],"wp:attachment":[{"href":"https:\/\/larepublicanews.com.do\/live\/wp-json\/wp\/v2\/media?parent=1158"}],"wp:term":[{"taxonomy":"category","embeddable":true,"href":"https:\/\/larepublicanews.com.do\/live\/wp-json\/wp\/v2\/categories?post=1158"},{"taxonomy":"post_tag","embeddable":true,"href":"https:\/\/larepublicanews.com.do\/live\/wp-json\/wp\/v2\/tags?post=1158"}],"curies":[{"name":"wp","href":"https:\/\/api.w.org\/{rel}","templated":true}]}}