{"id":1121,"date":"2020-02-28T02:21:58","date_gmt":"2020-02-28T02:21:58","guid":{"rendered":"http:\/\/diario24news.com\/hoy\/?p=1121"},"modified":"2020-02-28T02:21:58","modified_gmt":"2020-02-28T02:21:58","slug":"leonel-fernandez-asegura-hoy-inicia-cierre-de-un-capitulo-de-amenaza-constante-a-la-constitucion","status":"publish","type":"post","link":"https:\/\/larepublicanews.com.do\/live\/leonel-fernandez-asegura-hoy-inicia-cierre-de-un-capitulo-de-amenaza-constante-a-la-constitucion\/","title":{"rendered":"Leonel Fern\u00e1ndez asegura hoy inicia cierre de un cap\u00edtulo de amenaza constante a la Constituci\u00f3n"},"content":{"rendered":"<p><a href=\"https:\/\/larepublicanews.com.do\/live\/wp-content\/uploads\/2020\/02\/LEONEL-FERNANDEZ.jpg\"><img loading=\"lazy\" decoding=\"async\" class=\"alignnone size-full wp-image-1122\" src=\"https:\/\/larepublicanews.com.do\/live\/wp-content\/uploads\/2020\/02\/LEONEL-FERNANDEZ.jpg\" alt=\"\" width=\"1068\" height=\"595\" srcset=\"https:\/\/larepublicanews.com.do\/live\/wp-content\/uploads\/2020\/02\/LEONEL-FERNANDEZ.jpg 1068w, https:\/\/larepublicanews.com.do\/live\/wp-content\/uploads\/2020\/02\/LEONEL-FERNANDEZ-300x167.jpg 300w, https:\/\/larepublicanews.com.do\/live\/wp-content\/uploads\/2020\/02\/LEONEL-FERNANDEZ-1024x570.jpg 1024w, https:\/\/larepublicanews.com.do\/live\/wp-content\/uploads\/2020\/02\/LEONEL-FERNANDEZ-768x428.jpg 768w, https:\/\/larepublicanews.com.do\/live\/wp-content\/uploads\/2020\/02\/LEONEL-FERNANDEZ-500x279.jpg 500w\" sizes=\"auto, (max-width: 1068px) 100vw, 1068px\" \/><\/a>Santo Domingo.-\u00a0El expresidente Leonel Fern\u00e1ndez al referirse al 176 aniversario de la Independencia Nacional sostuvo que la fecha llega en una coyuntura especial para el pa\u00eds pues inicia el cierre de un cap\u00edtulo de \u201camenazas constantes a la Constituci\u00f3n\u201d.<\/p>\n<p>\u201cEl 176 aniversario de la Independencia Nacional, nos encuentra en una coyuntura especial. Hoy empezamos a dar cierre a un cap\u00edtulo pol\u00edtico, donde hubo amenazas constantes a nuestra Constituci\u00f3n\u201d, public\u00f3 en su cuenta de twitter.<\/p>\n<p>En ese sentido, valor\u00f3 que los j\u00f3venes se hayan levantado en defensa de la democracia. \u201cPero, tal como lo hicieran los padres fundadores de la Rep\u00fablica, miles de dominicanos, j\u00f3venes, con valor y arrojo, se levantan empoderados en favor de la democracia y el futuro de nuestro pa\u00eds\u201d, resalt\u00f3.<\/p>\n","protected":false},"excerpt":{"rendered":"<p>Santo Domingo.-\u00a0El expresidente Leonel Fern\u00e1ndez al referirse al 176 aniversario de la Independencia Nacional sostuvo que la fecha llega en una coyuntura especial para el pa\u00eds pues inicia el cierre de un cap\u00edtulo de \u201camenazas constantes a la Constituci\u00f3n\u201d. \u201cEl 176 aniversario de la Independencia Nacional, nos encuentra en una coyuntura especial. Hoy empezamos a dar cierre a un cap\u00edtulo pol\u00edtico, donde hubo amenazas constantes a nuestra Constituci\u00f3n\u201d, public\u00f3 en su cuenta de twitter. En ese sentido, valor\u00f3 que los j\u00f3venes se hayan levantado en defensa de la democracia. \u201cPero,&hellip;<\/p>\n","protected":false},"author":3,"featured_media":0,"comment_status":"open","ping_status":"open","sticky":false,"template":"","format":"standard","meta":{"rop_custom_images_group":[],"rop_custom_messages_group":[],"rop_publish_now":"initial","rop_publish_now_accounts":[],"rop_publish_now_history":[],"rop_publish_now_status":"pending","footnotes":""},"categories":[24],"tags":[],"class_list":["post-1121","post","type-post","status-publish","format-standard","hentry","category-politica"],"_links":{"self":[{"href":"https:\/\/larepublicanews.com.do\/live\/wp-json\/wp\/v2\/posts\/1121","targetHints":{"allow":["GET"]}}],"collection":[{"href":"https:\/\/larepublicanews.com.do\/live\/wp-json\/wp\/v2\/posts"}],"about":[{"href":"https:\/\/larepublicanews.com.do\/live\/wp-json\/wp\/v2\/types\/post"}],"author":[{"embeddable":true,"href":"https:\/\/larepublicanews.com.do\/live\/wp-json\/wp\/v2\/users\/3"}],"replies":[{"embeddable":true,"href":"https:\/\/larepublicanews.com.do\/live\/wp-json\/wp\/v2\/comments?post=1121"}],"version-history":[{"count":0,"href":"https:\/\/larepublicanews.com.do\/live\/wp-json\/wp\/v2\/posts\/1121\/revisions"}],"wp:attachment":[{"href":"https:\/\/larepublicanews.com.do\/live\/wp-json\/wp\/v2\/media?parent=1121"}],"wp:term":[{"taxonomy":"category","embeddable":true,"href":"https:\/\/larepublicanews.com.do\/live\/wp-json\/wp\/v2\/categories?post=1121"},{"taxonomy":"post_tag","embeddable":true,"href":"https:\/\/larepublicanews.com.do\/live\/wp-json\/wp\/v2\/tags?post=1121"}],"curies":[{"name":"wp","href":"https:\/\/api.w.org\/{rel}","templated":true}]}}