{"id":1113,"date":"2020-02-26T11:29:31","date_gmt":"2020-02-26T11:29:31","guid":{"rendered":"http:\/\/diario24news.com\/hoy\/?p=1113"},"modified":"2020-02-26T11:29:31","modified_gmt":"2020-02-26T11:29:31","slug":"dominicanos-convocan-a-dos-jornadas-de-protestas-en-washington-estados-unidos25-febrero-20200","status":"publish","type":"post","link":"https:\/\/larepublicanews.com.do\/live\/dominicanos-convocan-a-dos-jornadas-de-protestas-en-washington-estados-unidos25-febrero-20200\/","title":{"rendered":"Dominicanos convocan a dos jornadas de protestas en Washington, Estados Unidos25 febrero, 2020"},"content":{"rendered":"<p>SANTO DOMINGO.-El movimiento c\u00edvico apartidista Resistencia DMV convoc\u00f3 a otra muestra de civismo y patriotismo en defensa de la democracia dominicana en el \u00e1rea metropolitana de Washington, DC, a llevarse a cabo este jueves 27 y s\u00e1bado 29 de febrero.<\/p>\n<p>La jornada de protesta del jueves 27 se har\u00e1 en el marco de las celebraciones del d\u00eda de la Independencia Nacional, y en apoyo a la marcha del mill\u00f3n que se realizar\u00e1 en las inmediaciones de la Plaza de la Bandera.<\/p>\n<p>Asimismo, la convocatoria del s\u00e1bado 29 de febrero forma parte de las movilizaciones constantes por la defensa de la democracia y sus instituciones.<\/p>\n<p>\u201cEsperamos seguir contando con el apoyo irrestricto de la comunidad dominicana residente en el \u00e1rea metropolitana de Washington, que incluye al (Distrito de Columbia, y los estados de Maryland y Virginia)\u201d, dice una nota enviada a El Nuevo Diario.<\/p>\n<p>Agrega que esta lucha persigue la renuncia de los magistrados que conforman el Pleno de la Junta Central Electoral (JCE), y que se inicie un verdadero proceso de renovaci\u00f3n pol\u00edtica e inclusi\u00f3n democr\u00e1tica, que tenga como epicentro al pueblo en la construcci\u00f3n de ese imaginario de igualdad y participaci\u00f3n plena de los procesos democr\u00e1ticos.<\/p>\n<p>Tambi\u00e9n exigen transparencia en el manejo de los recursos p\u00fablicos, y que exista una justicia verdaderamente independiente que aplique con eficiencia un r\u00e9gimen de consecuencia en contra de los corruptos que ultrajan el erario p\u00fablico.<\/p>\n","protected":false},"excerpt":{"rendered":"<p>SANTO DOMINGO.-El movimiento c\u00edvico apartidista Resistencia DMV convoc\u00f3 a otra muestra de civismo y patriotismo en defensa de la democracia dominicana en el \u00e1rea metropolitana de Washington, DC, a llevarse a cabo este jueves 27 y s\u00e1bado 29 de febrero. La jornada de protesta del jueves 27 se har\u00e1 en el marco de las celebraciones del d\u00eda de la Independencia Nacional, y en apoyo a la marcha del mill\u00f3n que se realizar\u00e1 en las inmediaciones de la Plaza de la Bandera. Asimismo, la convocatoria del s\u00e1bado 29 de febrero forma&hellip;<\/p>\n","protected":false},"author":3,"featured_media":1114,"comment_status":"open","ping_status":"open","sticky":false,"template":"","format":"standard","meta":{"rop_custom_images_group":[],"rop_custom_messages_group":[],"rop_publish_now":"initial","rop_publish_now_accounts":[],"rop_publish_now_history":[],"rop_publish_now_status":"pending","footnotes":""},"categories":[26],"tags":[],"class_list":["post-1113","post","type-post","status-publish","format-standard","has-post-thumbnail","hentry","category-protesta"],"_links":{"self":[{"href":"https:\/\/larepublicanews.com.do\/live\/wp-json\/wp\/v2\/posts\/1113","targetHints":{"allow":["GET"]}}],"collection":[{"href":"https:\/\/larepublicanews.com.do\/live\/wp-json\/wp\/v2\/posts"}],"about":[{"href":"https:\/\/larepublicanews.com.do\/live\/wp-json\/wp\/v2\/types\/post"}],"author":[{"embeddable":true,"href":"https:\/\/larepublicanews.com.do\/live\/wp-json\/wp\/v2\/users\/3"}],"replies":[{"embeddable":true,"href":"https:\/\/larepublicanews.com.do\/live\/wp-json\/wp\/v2\/comments?post=1113"}],"version-history":[{"count":0,"href":"https:\/\/larepublicanews.com.do\/live\/wp-json\/wp\/v2\/posts\/1113\/revisions"}],"wp:featuredmedia":[{"embeddable":true,"href":"https:\/\/larepublicanews.com.do\/live\/wp-json\/wp\/v2\/media\/1114"}],"wp:attachment":[{"href":"https:\/\/larepublicanews.com.do\/live\/wp-json\/wp\/v2\/media?parent=1113"}],"wp:term":[{"taxonomy":"category","embeddable":true,"href":"https:\/\/larepublicanews.com.do\/live\/wp-json\/wp\/v2\/categories?post=1113"},{"taxonomy":"post_tag","embeddable":true,"href":"https:\/\/larepublicanews.com.do\/live\/wp-json\/wp\/v2\/tags?post=1113"}],"curies":[{"name":"wp","href":"https:\/\/api.w.org\/{rel}","templated":true}]}}