{"id":1100,"date":"2020-02-17T20:49:49","date_gmt":"2020-02-17T20:49:49","guid":{"rendered":"http:\/\/diario24news.com\/hoy\/?p=1100"},"modified":"2020-02-17T20:49:49","modified_gmt":"2020-02-17T20:49:49","slug":"leonel-afirma-una-trama-criminal-ocasiono-jce-suspendiera-proceso","status":"publish","type":"post","link":"https:\/\/larepublicanews.com.do\/live\/leonel-afirma-una-trama-criminal-ocasiono-jce-suspendiera-proceso\/","title":{"rendered":"Leonel afirma una trama criminal ocasion\u00f3 JCE suspendiera proceso"},"content":{"rendered":"<p>El expresidente de la Rep\u00fablica y l\u00edder de la Fuerza del Pueblo, Leonel Fern\u00e1ndez, defini\u00f3 anoche como una trama criminal contra el pueblo dominicano los acontecimientos que motivaron a la Junta Central Electoral (JCE) a suspender las elecciones municipales. Agreg\u00f3 que se trata de una \u201ctragedia sin precedentes para la democracia dominicana\u201d la suspensi\u00f3n de las elecciones municipales 2020 \u201cpor falta de garant\u00edas suficientes al ejercicio del derecho al voto, como ha ocurrido en esta ocasi\u00f3n\u201d.<\/p>\n<p>\u201cLa artima\u00f1a fraudulenta eman\u00f3 como pus y sus secuelas fueron expuestas al sol. Ahora queda por investigar qui\u00e9nes fueron los autores materiales e intelectuales de esta trama criminal contra el pueblo dominicano<\/p>\n<p>Fern\u00e1ndez exigi\u00f3 que los hechos que motivaron la suspensi\u00f3n del proceso no queden impunes y que los responsables sean castigados. Dijo, adem\u00e1s, que la actual crisis, \u201cha estado motivada en el hecho de que se ha pretendido repetir de alguna manera, ahora, en elecciones generales, el fraude acontecido en las primarias del 6 de octubre\u201d.<\/p>\n<p>Record\u00f3 que desde hace alg\u00fan tiempo hab\u00eda advertido sobre la necesidad de adoptar medidas de seguridad e integridad del sistema electoral, a fin de garantizar plenamente el ejercicio del sufragio a trav\u00e9s del voto automatizado. Entre esas medidas se encontraban las de auditar y certificar previamente el programa de software a ser aplicado en el sistema de votaci\u00f3n, as\u00ed como de su reproducci\u00f3n en cada una de las m\u00e1quinas de votaci\u00f3n que se utilizar\u00edan.<\/p>\n<p>&nbsp;<\/p>\n<p>\u201cSi en esta ocasi\u00f3n el fraude no ha podido materializarse, se ha debido a la circunstancia de la presencia de los observadores de la OEA y de los t\u00e9cnicos de la Fundaci\u00f3n Internacional de Sistemas Electorales (IFES)\u201d, dijo.<\/p>\n<p>Sostuvo que los patrocinadores del fraude, los cuales no identific\u00f3, encontraron los caminos obstruidos, debido a que las sugerencias t\u00e9cnicas de IFES cerraron ventanas. \u201cNo pudieron actuar a sus anchas, como en el pasado. Ante los obst\u00e1culos, les sobrevino la desesperaci\u00f3n y el p\u00e1nico e incurrieron en errores\u201d, dijo.<\/p>\n<p>Al hablar al pa\u00eds en cadena de televisi\u00f3n y radial, solicit\u00f3 que a partir de hoy se les permita a los t\u00e9cnicos del IFES y de la OEA realizar una auditor\u00eda a los equipos con la finalidad de poder esclarecer lo ocurrido.<\/p>\n<p>Fern\u00e1ndez indic\u00f3 que los problemas del fracasado proceso electoral municipal se evidenciaron desde el s\u00e1bado en la tarde. Refiri\u00f3, adem\u00e1s, que los t\u00e9cnicos inform\u00e1ticos de la Fuerza del Pueblo recibieron denuncias de distintos lugares del pa\u00eds en relaci\u00f3n a la integridad del certamen.<\/p>\n<p>Dijo que luego las sospechas se agravaron pero la JCE las minimiz\u00f3 ante los delegados de los partidos pol\u00edticos, con la presencia de observadores de la OEA y del IFES. La JCE aleg\u00f3 que har\u00edan los correctivos de lugar, previo al inicio del certamen comicial.<\/p>\n<p>&nbsp;<\/p>\n<p>Fern\u00e1ndez exigi\u00f3 una investigaci\u00f3n profunda e imparcial de lo ocurrido en el fracasado proceso. Dijo que es imprescindible una medida cautelar de los kits electorales movilizados en los diferentes colegios electorales, sin la participaci\u00f3n de los observadores electorales internacionales.<\/p>\n","protected":false},"excerpt":{"rendered":"<p>El expresidente de la Rep\u00fablica y l\u00edder de la Fuerza del Pueblo, Leonel Fern\u00e1ndez, defini\u00f3 anoche como una trama criminal contra el pueblo dominicano los acontecimientos que motivaron a la Junta Central Electoral (JCE) a suspender las elecciones municipales. Agreg\u00f3 que se trata de una \u201ctragedia sin precedentes para la democracia dominicana\u201d la suspensi\u00f3n de las elecciones municipales 2020 \u201cpor falta de garant\u00edas suficientes al ejercicio del derecho al voto, como ha ocurrido en esta ocasi\u00f3n\u201d. \u201cLa artima\u00f1a fraudulenta eman\u00f3 como pus y sus secuelas fueron expuestas al sol. Ahora&hellip;<\/p>\n","protected":false},"author":3,"featured_media":1101,"comment_status":"open","ping_status":"open","sticky":false,"template":"","format":"standard","meta":{"rop_custom_images_group":[],"rop_custom_messages_group":[],"rop_publish_now":"initial","rop_publish_now_accounts":[],"rop_publish_now_history":[],"rop_publish_now_status":"pending","footnotes":""},"categories":[12],"tags":[],"class_list":["post-1100","post","type-post","status-publish","format-standard","has-post-thumbnail","hentry","category-elecciones-2020"],"_links":{"self":[{"href":"https:\/\/larepublicanews.com.do\/live\/wp-json\/wp\/v2\/posts\/1100","targetHints":{"allow":["GET"]}}],"collection":[{"href":"https:\/\/larepublicanews.com.do\/live\/wp-json\/wp\/v2\/posts"}],"about":[{"href":"https:\/\/larepublicanews.com.do\/live\/wp-json\/wp\/v2\/types\/post"}],"author":[{"embeddable":true,"href":"https:\/\/larepublicanews.com.do\/live\/wp-json\/wp\/v2\/users\/3"}],"replies":[{"embeddable":true,"href":"https:\/\/larepublicanews.com.do\/live\/wp-json\/wp\/v2\/comments?post=1100"}],"version-history":[{"count":0,"href":"https:\/\/larepublicanews.com.do\/live\/wp-json\/wp\/v2\/posts\/1100\/revisions"}],"wp:featuredmedia":[{"embeddable":true,"href":"https:\/\/larepublicanews.com.do\/live\/wp-json\/wp\/v2\/media\/1101"}],"wp:attachment":[{"href":"https:\/\/larepublicanews.com.do\/live\/wp-json\/wp\/v2\/media?parent=1100"}],"wp:term":[{"taxonomy":"category","embeddable":true,"href":"https:\/\/larepublicanews.com.do\/live\/wp-json\/wp\/v2\/categories?post=1100"},{"taxonomy":"post_tag","embeddable":true,"href":"https:\/\/larepublicanews.com.do\/live\/wp-json\/wp\/v2\/tags?post=1100"}],"curies":[{"name":"wp","href":"https:\/\/api.w.org\/{rel}","templated":true}]}}