{"id":1084,"date":"2020-02-11T15:27:22","date_gmt":"2020-02-11T15:27:22","guid":{"rendered":"http:\/\/diario24news.com\/hoy\/?p=1084"},"modified":"2020-02-11T15:27:22","modified_gmt":"2020-02-11T15:27:22","slug":"leonel-fernandez-asegura-fuerza-del-pueblo-saldra-victoriosa-en-su-primer-desafio-este-16-de-febrero","status":"publish","type":"post","link":"https:\/\/larepublicanews.com.do\/live\/leonel-fernandez-asegura-fuerza-del-pueblo-saldra-victoriosa-en-su-primer-desafio-este-16-de-febrero\/","title":{"rendered":"Leonel Fern\u00e1ndez asegura Fuerza  del Pueblo saldr\u00e1 victoriosa en su primer desaf\u00edo este 16 de febrero"},"content":{"rendered":"<p>El presidente de la Fuerza del Pueblo (FP), Leonel Fern\u00e1ndez, manifest\u00f3 durante su recorrido de apoyo a los candidatos municipales de La Romana, que el partido que lidera naci\u00f3 grande y ha generado una recomposici\u00f3n en el espectro pol\u00edtico del pa\u00eds.<\/p>\n<p>Se\u00f1al\u00f3 que para el pr\u00f3ximo 16 de febrero la Fuerza del Pueblo est\u00e1 convocada a su primer desaf\u00edo de participar en un certamen electoral con todos sus candidatos a nivel de alcald\u00eda y regidores de las distintas municipalidades del pa\u00eds y que desde ya asegura que saldr\u00e1n victoriosos, porque la FP naci\u00f3 para vencer.<\/p>\n<p>\u201cEl pr\u00f3ximo domingo subiremos al cuadril\u00e1tero, nos pondremos\u00a0 los guantes y tan pronto toquen la campana marcharemos sobre nuestros adversarios y los vamos a golpear con un jab de izquierda y un jab de derecha, y los derribaremos en el cuadril\u00e1tero y empezar\u00e1n a contarle 1, 2, 3, 4, 5,6, 7, 8, 9\u2026 \u00a0\u00a0y ver\u00e1n\u00a0 la gran victoria de la Fuerza del Pueblo\u201d, precis\u00f3\u00a0 Fern\u00e1ndez.<\/p>\n<p>Estas declaraciones fueron emitidas por el presidente de Fuerza del Pueblo durante su recorrido este\u00a0 lunes\u00a0 por varios municipios de La Romana en apoyo a los candidatos municipales de cara a las elecciones de este pr\u00f3ximo domingo 16 de febrero.<\/p>\n<p>La caravana tuvo como punto de partida el municipio cabecera, donde Fern\u00e1ndez estuvo acompa\u00f1ado por el candidato a alcalde Casimiro Mart\u00ednez\u00a0 y su vicealcaldesa Belkis Manzano.<\/p>\n<p>El exmandatario dej\u00f3 inaugurados dos locales pol\u00edticos, uno en la calle Dr. Gonzalvo, frente a Jumbo, y\u00a0 otro en la General Miches esquina calle Jos\u00e9 Mart\u00ed.<\/p>\n<p>Fern\u00e1ndez prosigui\u00f3 su recorrido hasta el municipio de Villa Hermosa, donde la algarab\u00eda no se hizo esperar y la gente sal\u00eda de sus casas de manera espont\u00e1nea en apoyo a la Fuerza del Pueblo y partidos aliados.<\/p>\n<p>La gente se colgaba en los techos\u00a0 y ondeaban pa\u00f1os verdes, sabanas y todo tipo de prensa de los colores alusivos a FP y los partidos aliados en apoyo a la caravana.<\/p>\n<p>Recorrido de LF en La Romana<br \/>\nActo de apoyo a candidatos en La Romana<br \/>\nLa Romana respalda candidatos de la FP<br \/>\nSimpatizantes de LF salen a calles a brindar a poyo al lider<br \/>\nEl presidente de FP estuvo acompa\u00f1ado por el presidente de la Fuerza Nacional Progresista (FNP), Marino Vinicio Castillo (Vincho),\u00a0 y por cientos de dirigentes de esa organizaci\u00f3n pol\u00edtica.<\/p>\n<p>El recorrido concluy\u00f3 en la calle\u00a0 Emma Balaguer, donde se dej\u00f3 inaugurada la Casa del Pueblo de esta localidad. Los mun\u00edcipes de Villa Hermosa, aprovecharon la ocasi\u00f3n para agradecer al presidente de la Fuerza del Pueblo por la deferencia con que siempre les ha tratado, y el trato digno y humano que recibieron durante su paso por el Estado.<\/p>\n","protected":false},"excerpt":{"rendered":"<p>El presidente de la Fuerza del Pueblo (FP), Leonel Fern\u00e1ndez, manifest\u00f3 durante su recorrido de apoyo a los candidatos municipales de La Romana, que el partido que lidera naci\u00f3 grande y ha generado una recomposici\u00f3n en el espectro pol\u00edtico del pa\u00eds. Se\u00f1al\u00f3 que para el pr\u00f3ximo 16 de febrero la Fuerza del Pueblo est\u00e1 convocada a su primer desaf\u00edo de participar en un certamen electoral con todos sus candidatos a nivel de alcald\u00eda y regidores de las distintas municipalidades del pa\u00eds y que desde ya asegura que saldr\u00e1n victoriosos, porque&hellip;<\/p>\n","protected":false},"author":3,"featured_media":1085,"comment_status":"open","ping_status":"open","sticky":false,"template":"","format":"standard","meta":{"rop_custom_images_group":[],"rop_custom_messages_group":[],"rop_publish_now":"initial","rop_publish_now_accounts":[],"rop_publish_now_history":[],"rop_publish_now_status":"pending","footnotes":""},"categories":[20],"tags":[],"class_list":["post-1084","post","type-post","status-publish","format-standard","has-post-thumbnail","hentry","category-leonel-fernandez"],"_links":{"self":[{"href":"https:\/\/larepublicanews.com.do\/live\/wp-json\/wp\/v2\/posts\/1084","targetHints":{"allow":["GET"]}}],"collection":[{"href":"https:\/\/larepublicanews.com.do\/live\/wp-json\/wp\/v2\/posts"}],"about":[{"href":"https:\/\/larepublicanews.com.do\/live\/wp-json\/wp\/v2\/types\/post"}],"author":[{"embeddable":true,"href":"https:\/\/larepublicanews.com.do\/live\/wp-json\/wp\/v2\/users\/3"}],"replies":[{"embeddable":true,"href":"https:\/\/larepublicanews.com.do\/live\/wp-json\/wp\/v2\/comments?post=1084"}],"version-history":[{"count":0,"href":"https:\/\/larepublicanews.com.do\/live\/wp-json\/wp\/v2\/posts\/1084\/revisions"}],"wp:featuredmedia":[{"embeddable":true,"href":"https:\/\/larepublicanews.com.do\/live\/wp-json\/wp\/v2\/media\/1085"}],"wp:attachment":[{"href":"https:\/\/larepublicanews.com.do\/live\/wp-json\/wp\/v2\/media?parent=1084"}],"wp:term":[{"taxonomy":"category","embeddable":true,"href":"https:\/\/larepublicanews.com.do\/live\/wp-json\/wp\/v2\/categories?post=1084"},{"taxonomy":"post_tag","embeddable":true,"href":"https:\/\/larepublicanews.com.do\/live\/wp-json\/wp\/v2\/tags?post=1084"}],"curies":[{"name":"wp","href":"https:\/\/api.w.org\/{rel}","templated":true}]}}