{"id":1069,"date":"2020-01-21T17:04:50","date_gmt":"2020-01-21T17:04:50","guid":{"rendered":"http:\/\/diario24news.com\/hoy\/?p=1069"},"modified":"2020-01-21T17:04:50","modified_gmt":"2020-01-21T17:04:50","slug":"leonel-presenta-plan-para-resolver-el-problema-de-la-basura","status":"publish","type":"post","link":"https:\/\/larepublicanews.com.do\/live\/leonel-presenta-plan-para-resolver-el-problema-de-la-basura\/","title":{"rendered":"Leonel presenta plan para resolver el problema de la basura"},"content":{"rendered":"<p>SANTO DOMINGO.- El presidente de la Fuerza del Pueblo (FP), doctor Leonel Fern\u00e1ndez, present\u00f3 un plan integral de gesti\u00f3n de residuos s\u00f3lidos, con el que se propone ponerle fin a los graves problemas que generan m\u00e1s de 350 vertederos de basura operando a cielo abierto y sin ning\u00fan tratamiento t\u00e9cnico.<\/p>\n<p>Para hacer frente a la grave problem\u00e1tica, Fern\u00e1ndez plante\u00f3 establecer pol\u00edticas de gesti\u00f3n integral de los residuos s\u00f3lidos que reduzcan los impactos negativos en la poblaci\u00f3n y el medio ambiente y eliminen la excesiva cantidad de vertederos a cielo abierto. \u00a0\u00a0\u00a0\u00a0\u00a0\u00a0\u00a0\u00a0\u00a0\u00a0\u00a0\u00a0\u00a0\u00a0\u00a0\u00a0\u00a0\u00a0\u00a0\u00a0\u00a0\u00a0\u00a0v<\/p>\n<p>La iniciativa contempla la creaci\u00f3n de un fondo especial por parte del Poder Ejecutivo para junto a las alcald\u00edas, la comunidad y el sector privado desarrollar estructuras que permitan el manejo adecuado de los residuos s\u00f3lidos desde su generaci\u00f3n hasta su disposici\u00f3n final.<\/p>\n<p>De igual manera, incluye un plan sectorizado de gesti\u00f3n integral de los residuos s\u00f3lidos para la agropecuaria, la industria y el turismo, e integrar a las juntas de vecinos, escuelas, iglesias, en las acciones educacionales al respecto.<\/p>\n<p>El plan de Fern\u00e1ndez tambi\u00e9n contempla el desarrollo de una campa\u00f1a sobre el cumplimiento de las leyes y normas destinadas a garantizar el buen manejo de los residuos s\u00f3lidos desde el origen y con ello incentivar el emprendedurismo a trav\u00e9s de la transformaci\u00f3n y el reciclaje.<br \/>\n\u00abLa disposici\u00f3n segura y confiable de los residuos es un componente fundamental para el desarrollo sostenible de las comunidades. Por ello garantizaremos todas las facilidades para que los mun\u00edcipes dispongan de una gesti\u00f3n de residuos con las mejores soluciones t\u00e9cnicas y ambientales\u00bb, recalc\u00f3 Fern\u00e1ndez<\/p>\n<p>&nbsp;<\/p>\n<p>Fern\u00e1ndez indic\u00f3 que los suelos, el aire y las aguas superficiales y subterr\u00e1neas se ven afectadas por el vertido irregular y directo de los residuos, lo que impacta negativamente la salud de la poblaci\u00f3n, lo mismo que a sectores productivos de vital importancia para la Rep\u00fablica Dominicana, como lo es el turismo.<\/p>\n<p>\u00abEn nuestras visitas a los municipios hemos escuchado la preocupaci\u00f3n por la situaci\u00f3n actual de los vertederos: constantes incendios, humaredas, deterioro del entorno, etc. Consideran a los vertederos como una de las principales problem\u00e1ticas de su territorio por el deterioro que implica para la calidad de vida de la comunidad\u00bb, se\u00f1al\u00f3.<\/p>\n<p>En ese sentido, el candidato presidencial de la Fuerza del Pueblo sostuvo que una gesti\u00f3n integral de residuos s\u00f3lidos debe estar en armon\u00eda con el crecimiento econ\u00f3mico, con la salud p\u00fablica, con el desarrollo de infraestructuras \u00a0\u00a0\u00a0\u00a0\u00a0\u00a0y sobre todo con las normas medioambientales.<a href=\"https:\/\/larepublicanews.com.do\/live\/wp-content\/uploads\/2020\/01\/image.jpg\"><img loading=\"lazy\" decoding=\"async\" class=\"alignnone size-full wp-image-1045\" src=\"https:\/\/larepublicanews.com.do\/live\/wp-content\/uploads\/2020\/01\/image.jpg\" alt=\"\" width=\"1280\" height=\"1920\" srcset=\"https:\/\/larepublicanews.com.do\/live\/wp-content\/uploads\/2020\/01\/image.jpg 1280w, https:\/\/larepublicanews.com.do\/live\/wp-content\/uploads\/2020\/01\/image-200x300.jpg 200w, https:\/\/larepublicanews.com.do\/live\/wp-content\/uploads\/2020\/01\/image-683x1024.jpg 683w, https:\/\/larepublicanews.com.do\/live\/wp-content\/uploads\/2020\/01\/image-768x1152.jpg 768w, https:\/\/larepublicanews.com.do\/live\/wp-content\/uploads\/2020\/01\/image-1024x1536.jpg 1024w\" sizes=\"auto, (max-width: 1280px) 100vw, 1280px\" \/><\/a><\/p>\n","protected":false},"excerpt":{"rendered":"<p>SANTO DOMINGO.- El presidente de la Fuerza del Pueblo (FP), doctor Leonel Fern\u00e1ndez, present\u00f3 un plan integral de gesti\u00f3n de residuos s\u00f3lidos, con el que se propone ponerle fin a los graves problemas que generan m\u00e1s de 350 vertederos de basura operando a cielo abierto y sin ning\u00fan tratamiento t\u00e9cnico. Para hacer frente a la grave problem\u00e1tica, Fern\u00e1ndez plante\u00f3 establecer pol\u00edticas de gesti\u00f3n integral de los residuos s\u00f3lidos que reduzcan los impactos negativos en la poblaci\u00f3n y el medio ambiente y eliminen la excesiva cantidad de vertederos a cielo abierto.&hellip;<\/p>\n","protected":false},"author":3,"featured_media":0,"comment_status":"open","ping_status":"open","sticky":false,"template":"","format":"standard","meta":{"rop_custom_images_group":[],"rop_custom_messages_group":[],"rop_publish_now":"initial","rop_publish_now_accounts":[],"rop_publish_now_history":[],"rop_publish_now_status":"pending","footnotes":""},"categories":[21],"tags":[],"class_list":["post-1069","post","type-post","status-publish","format-standard","hentry","category-medio-ambiente"],"_links":{"self":[{"href":"https:\/\/larepublicanews.com.do\/live\/wp-json\/wp\/v2\/posts\/1069","targetHints":{"allow":["GET"]}}],"collection":[{"href":"https:\/\/larepublicanews.com.do\/live\/wp-json\/wp\/v2\/posts"}],"about":[{"href":"https:\/\/larepublicanews.com.do\/live\/wp-json\/wp\/v2\/types\/post"}],"author":[{"embeddable":true,"href":"https:\/\/larepublicanews.com.do\/live\/wp-json\/wp\/v2\/users\/3"}],"replies":[{"embeddable":true,"href":"https:\/\/larepublicanews.com.do\/live\/wp-json\/wp\/v2\/comments?post=1069"}],"version-history":[{"count":0,"href":"https:\/\/larepublicanews.com.do\/live\/wp-json\/wp\/v2\/posts\/1069\/revisions"}],"wp:attachment":[{"href":"https:\/\/larepublicanews.com.do\/live\/wp-json\/wp\/v2\/media?parent=1069"}],"wp:term":[{"taxonomy":"category","embeddable":true,"href":"https:\/\/larepublicanews.com.do\/live\/wp-json\/wp\/v2\/categories?post=1069"},{"taxonomy":"post_tag","embeddable":true,"href":"https:\/\/larepublicanews.com.do\/live\/wp-json\/wp\/v2\/tags?post=1069"}],"curies":[{"name":"wp","href":"https:\/\/api.w.org\/{rel}","templated":true}]}}